{"id":70502,"date":"2025-11-27T13:14:47","date_gmt":"2025-11-27T10:14:47","guid":{"rendered":"https:\/\/www.egemtv.com\/?p=70502"},"modified":"2025-11-27T13:14:47","modified_gmt":"2025-11-27T10:14:47","slug":"suhutta-din-gorevlilerine-yonelik-egitim-toplantisi","status":"publish","type":"post","link":"https:\/\/www.egemtv.com\/?p=70502","title":{"rendered":"\u015euhut\u2019ta din g\u00f6revlilerine y\u00f6nelik e\u011fitim toplant\u0131s\u0131"},"content":{"rendered":"<p>Afyonkarahisar\u2019\u0131n \u015euhut il\u00e7esinde cami g\u00f6revlileri ile Kur\u2019an kursu \u00f6\u011freticilerine y\u00f6nelik ayl\u0131k de\u011ferlendirme toplant\u0131s\u0131 ger\u00e7ekle\u015ftirildi.<br \/>\n<br \/>Kur\u2019an kursu konferans salonunda yap\u0131lan toplant\u0131ya, \u015euhut \u0130l\u00e7e M\u00fcft\u00fc Vekili ve Sinanpa\u015fa \u0130l\u00e7e M\u00fcft\u00fcs\u00fc Murat Hasankahyao\u011flu ba\u015fkanl\u0131k etti.<br \/>\n<br \/>Toplant\u0131, Kur\u2019\u00e2n-\u0131 Kerim tilavetiyle ba\u015flad\u0131. Ard\u0131ndan ay boyunca y\u00fcr\u00fct\u00fclen \u00e7al\u0131\u015fmalar de\u011ferlendirildi, g\u00fcndem maddeleri ele al\u0131narak ilgili birimler taraf\u0131ndan tebli\u011f ve m\u00fczakereler yap\u0131ld\u0131.<br \/>\n<br \/>Programda ayr\u0131ca \u00f6n\u00fcm\u00fczdeki d\u00f6nem a\u00e7\u0131lmas\u0131 planlanan hizmet i\u00e7i e\u011fitim kurslar\u0131 hakk\u0131nda ayr\u0131nt\u0131l\u0131 bilgilendirmelerde bulunuldu. Cami g\u00f6revlilerinin sahadaki ihtiya\u00e7lar\u0131, e\u011fitim s\u00fcre\u00e7leri ve il\u00e7e genelindeki din hizmetlerinin daha etkin y\u00fcr\u00fct\u00fclmesine y\u00f6nelik \u00f6neriler masaya yat\u0131r\u0131ld\u0131.<br \/>\n<br \/>Toplant\u0131, dilek ve temennilerin al\u0131nmas\u0131yla sona erdi.<br \/><\/p>\n","protected":false},"excerpt":{"rendered":"<p>Afyonkarahisar\u2019\u0131n \u015euhut il\u00e7esinde cami g\u00f6revlileri ile Kur\u2019an kursu \u00f6\u011freticilerine y\u00f6nelik ayl\u0131k de\u011ferlendirme toplant\u0131s\u0131 ger\u00e7ekle\u015ftirildi. Kur\u2019an kursu konferans salonunda yap\u0131lan toplant\u0131ya, \u015euhut \u0130l\u00e7e M\u00fcft\u00fc Vekili ve Sinanpa\u015fa \u0130l\u00e7e M\u00fcft\u00fcs\u00fc Murat Hasankahyao\u011flu ba\u015fkanl\u0131k etti. Toplant\u0131, Kur\u2019\u00e2n-\u0131 Kerim tilavetiyle ba\u015flad\u0131. Ard\u0131ndan ay boyunca y\u00fcr\u00fct\u00fclen \u00e7al\u0131\u015fmalar de\u011ferlendirildi, g\u00fcndem maddeleri ele al\u0131narak ilgili birimler taraf\u0131ndan tebli\u011f ve m\u00fczakereler yap\u0131ld\u0131. Programda&#8230;<\/p>\n","protected":false},"author":1,"featured_media":70503,"comment_status":"open","ping_status":"open","sticky":false,"template":"","format":"standard","meta":{"_crdt_document":"","footnotes":""},"categories":[1],"tags":[],"class_list":["post-70502","post","type-post","status-publish","format-standard","has-post-thumbnail","hentry","category-guncel"],"_links":{"self":[{"href":"https:\/\/www.egemtv.com\/index.php?rest_route=\/wp\/v2\/posts\/70502","targetHints":{"allow":["GET"]}}],"collection":[{"href":"https:\/\/www.egemtv.com\/index.php?rest_route=\/wp\/v2\/posts"}],"about":[{"href":"https:\/\/www.egemtv.com\/index.php?rest_route=\/wp\/v2\/types\/post"}],"author":[{"embeddable":true,"href":"https:\/\/www.egemtv.com\/index.php?rest_route=\/wp\/v2\/users\/1"}],"replies":[{"embeddable":true,"href":"https:\/\/www.egemtv.com\/index.php?rest_route=%2Fwp%2Fv2%2Fcomments&post=70502"}],"version-history":[{"count":1,"href":"https:\/\/www.egemtv.com\/index.php?rest_route=\/wp\/v2\/posts\/70502\/revisions"}],"predecessor-version":[{"id":70504,"href":"https:\/\/www.egemtv.com\/index.php?rest_route=\/wp\/v2\/posts\/70502\/revisions\/70504"}],"wp:featuredmedia":[{"embeddable":true,"href":"https:\/\/www.egemtv.com\/index.php?rest_route=\/wp\/v2\/media\/70503"}],"wp:attachment":[{"href":"https:\/\/www.egemtv.com\/index.php?rest_route=%2Fwp%2Fv2%2Fmedia&parent=70502"}],"wp:term":[{"taxonomy":"category","embeddable":true,"href":"https:\/\/www.egemtv.com\/index.php?rest_route=%2Fwp%2Fv2%2Fcategories&post=70502"},{"taxonomy":"post_tag","embeddable":true,"href":"https:\/\/www.egemtv.com\/index.php?rest_route=%2Fwp%2Fv2%2Ftags&post=70502"}],"curies":[{"name":"wp","href":"https:\/\/api.w.org\/{rel}","templated":true}]}}