{"id":70499,"date":"2025-11-27T13:14:46","date_gmt":"2025-11-27T10:14:46","guid":{"rendered":"https:\/\/www.egemtv.com\/?p=70499"},"modified":"2025-11-27T13:14:47","modified_gmt":"2025-11-27T10:14:47","slug":"8-isparta-kitap-fuari-icin-geri-sayim-basladi","status":"publish","type":"post","link":"https:\/\/www.egemtv.com\/?p=70499","title":{"rendered":"8. Isparta Kitap Fuar\u0131 i\u00e7in geri say\u0131m ba\u015flad\u0131"},"content":{"rendered":"<p>Isparta Belediye Ba\u015fkan\u0131 \u015e\u00fckr\u00fc Ba\u015fde\u011firmen, Vali Abdullah Erin ba\u015fkanl\u0131\u011f\u0131nda ger\u00e7ekle\u015ftirilen \u0130l ve \u0130l\u00e7e \u0130dare \u015eube Ba\u015fkanlar\u0131 ve Kaymakamlar toplant\u0131s\u0131nda 12-21 Aral\u0131k 2025 tarihleri aras\u0131nda d\u00fczenlenecek olan 8. Isparta Kitap Fuar\u0131 hakk\u0131nda bilgi verdi.<br \/>\n<br \/>Isparta Valisi Abdullah Erin ba\u015fkanl\u0131\u011f\u0131nda 2025 y\u0131l\u0131n\u0131n ikinci \u0130l ve \u0130l\u00e7e \u0130dare \u015eube Ba\u015fkanlar\u0131 ve Kaymakamlar Toplant\u0131s\u0131 ger\u00e7ekle\u015ftirildi. \u0130l K\u00fclt\u00fcr ve Turizm M\u00fcd\u00fcrl\u00fc\u011f\u00fc toplant\u0131 salonunda ger\u00e7ekle\u015ftirilen toplant\u0131ya Vali Abdullah Erin, Belediye Ba\u015fkan\u0131 \u015e\u00fckr\u00fc Ba\u015fde\u011firmen, il\u00e7e kaymakamlar\u0131, il\u00e7e ve belde belediye ba\u015fkanlar\u0131 ile daire m\u00fcd\u00fcrleri kat\u0131ld\u0131. Toplant\u0131da Isparta merkez, il\u00e7e ve k\u00f6ylerle ilgili de\u011ferlendirilmelerde bulunuldu, yap\u0131lmas\u0131 gerekenler ele al\u0131nd\u0131.<br \/>\n<br \/>Toplant\u0131n\u0131n di\u011fer bir konusu da Isparta Belediyesi taraf\u0131ndan 12-21 Aral\u0131k 2025 tarihleri aras\u0131nda \u2018\u015eimdi Kitap Okuma Zaman\u0131\u2019 slogan\u0131yla G\u00f6kkubbe Fuar ve Kongre Merkezi\u2019nde d\u00fczenlenecek olan 8. Isparta Kitap Fuar\u0131 oldu.<br \/>\n<br \/>Vali Erin: &#8220;\u00c7ocuklar\u0131m\u0131z\u0131 kitapla tan\u0131\u015ft\u0131rmal\u0131y\u0131z&#8221;<br \/>\n<br \/>Vali Abdullah Erin, birlik ve beraberlik i\u00e7erisinde \u00e7al\u0131\u015fman\u0131n \u00f6nemine vurgu yapt\u0131. Vali Erin, 8. Isparta Kitap Fuar\u0131\u2019n\u0131n d\u00fczenlenece\u011fini belirterek, ge\u00e7en y\u0131lki fuar\u0131n kaymakam ve belediye ba\u015fkanlar\u0131yla i\u015f birli\u011fi i\u00e7erisinde iyi bir \u00e7al\u0131\u015fmayla yap\u0131ld\u0131\u011f\u0131n\u0131 s\u00f6yledi. Vali Erin, &#8220;\u00c7ocuklar\u0131m\u0131z\u0131, gen\u00e7lerimizi kitapla tan\u0131\u015ft\u0131rmak, okumaya te\u015fvik etmek son derece \u00f6nemli. Bu al\u0131\u015fkanl\u0131\u011f\u0131n ge\u00e7ti\u011fi \u00f6nemli yerlerden bir tanesi de bu kitap fuarlar\u0131d\u0131r. \u00c7ocuklar\u0131 orada uzak kald\u0131klar\u0131 kitap k\u00fclt\u00fcr\u00fcyle tan\u0131\u015ft\u0131rmak, faydal\u0131 kitaplar\u0131n yazarlar\u0131yla bir araya getirmek, bu ba\u011flamda \u00e7ocuklarda, gen\u00e7lerde bir fark\u0131ndal\u0131k olu\u015fturmak son derece faydal\u0131 olur. Kaymakamlar\u0131m\u0131zdan, belediye ba\u015fkanlar\u0131m\u0131zdan, Milli E\u011fitim M\u00fcd\u00fcr\u00fcm\u00fcz Recai Beyle birlikte isti\u015fare halinde il\u00e7elerindeki gen\u00e7lerimizin, \u00e7ocuklar\u0131m\u0131z\u0131n fuara getirilmesi, g\u00f6t\u00fcr\u00fclmesi konusunda her t\u00fcrl\u00fc deste\u011fi sa\u011flamalar\u0131n\u0131 rica ediyorum&#8221; dedi.<br \/>\n<br \/>Ba\u015fkan Ba\u015fde\u011firmen: &#8220;\u00dclkemizin \u00fcst seviyelere ula\u015fabilmesi i\u00e7in okuman\u0131n \u015fart oldu\u011fu inanc\u0131nday\u0131z&#8221;<br \/>\n<br \/>Belediye Ba\u015fkan\u0131 \u015e\u00fckr\u00fc Ba\u015fde\u011firmen, toplant\u0131ya kat\u0131lmaktan duydu\u011fu memnuniyetini ifade ederek, 8. Isparta Kitap Fuar\u0131 ile ilgili bilgi verdi. Ba\u015fkan Ba\u015fde\u011firmen, &#8220;Devletimizin, \u00fclkemizin \u015fuandaki durumundan \u00e7ok daha \u00fcst seviyeye gelebilmesi i\u00e7in elbirli\u011fi, g\u00fc\u00e7 birli\u011fi \u00e7al\u0131\u015fmalar yapabilmemiz laz\u0131m. S\u00fcrekli her yapt\u0131\u011f\u0131m\u0131z \u00e7al\u0131\u015fmada \u00fclkemizi bir basamak daha ileri g\u00f6t\u00fcrmeliyiz. Isparta\u2019m\u0131z\u0131 da bir basamak ileri g\u00f6t\u00fcr\u00fcrsek \u00fclkemize de yans\u0131yacakt\u0131r. Bu ama\u00e7la yap\u0131lan \u00e7al\u0131\u015fmalar\u0131n ve yapt\u0131\u011f\u0131m\u0131z de\u011ferlendirmelerin hepsi \u00fclkemizin daha g\u00fc\u00e7l\u00fc olmas\u0131 i\u00e7indir. Yapt\u0131\u011f\u0131m\u0131z \u00e7al\u0131\u015fmalarda say\u0131n valimiz bizi hi\u00e7 yaln\u0131z b\u0131rakm\u0131yor. \u00dclkemizin istedi\u011fimiz seviyelere ula\u015fabilmesi i\u00e7in okuman\u0131n \u015fart oldu\u011fu inanc\u0131nday\u0131z. Okumad\u0131\u011f\u0131m\u0131z hi\u00e7bir \u015feyde gerekli bilgiyi almam\u0131z ve kafam\u0131zda kalmas\u0131 m\u00fcmk\u00fcn de\u011fil. Bunlar\u0131 a\u015fmak zorunday\u0131z. Bunlar\u0131 a\u015fmak i\u00e7in de kitap fuarlar\u0131na \u00f6nem veriyoruz&#8221; dedi.<br \/>\n<br \/>&#8220;Kitap fuar\u0131n\u0131 en iyi \u015fekle getirmek istiyoruz&#8221;<br \/>\n<br \/>8. Isparta Kitap Fuar\u0131\u2019n\u0131n 12-21 Aral\u0131k 2025 tarihleri aras\u0131nda d\u00fczenlenece\u011fini kaydeden Ba\u015fkan Ba\u015fde\u011firmen, &#8220;Ge\u00e7en y\u0131l da \u00e7ok b\u00fcy\u00fck kat\u0131l\u0131mla bu fuar\u0131 d\u00fczenlemi\u015ftik. Bunu tek ba\u015f\u0131m\u0131za yapmam\u0131z m\u00fcmk\u00fcn de\u011fil. Say\u0131n valimiz, vali yard\u0131mc\u0131lar\u0131m\u0131z, kaymakamlar\u0131m\u0131z, milli e\u011fitim m\u00fcd\u00fcr\u00fcm\u00fcz, belediye ba\u015fkanlar\u0131m\u0131z ve daire m\u00fcd\u00fcrlerimizle bu \u00e7al\u0131\u015fmay\u0131 yapmam\u0131z gerekiyor. \u00d6\u011frencilerimizin ta\u015f\u0131nmas\u0131 i\u00e7in i\u015f birli\u011fi yapt\u0131\u011f\u0131m\u0131z arkada\u015flar\u0131m\u0131z da var. \u00d6\u011frencilerimizin fuara getirilmesi i\u00e7in halk otob\u00fcsleri kooperatifimiz, ser-tur ve di\u011fer servis\u00e7i arkada\u015flar\u0131m\u0131z destek veriyor. \u00d6\u011frencilerimize hediye \u00e7ekleri veriyoruz. \u00c7ocuklar\u0131m\u0131za 50 liral\u0131k hediye \u00e7ekleri verece\u011fiz. \u0130l\u00e7e milli e\u011fitim m\u00fcd\u00fcrl\u00fcklerimize, kaymakamlar\u0131m\u0131za ve belediye ba\u015fkanl\u0131klar\u0131m\u0131za vererek okullarda bu \u00e7eklerin da\u011f\u0131t\u0131m\u0131n\u0131 sa\u011fl\u0131yoruz. \u00c7ocuklar da \u00e7ekleri kullanmak i\u00e7in fuara gelmek isteyecektir. Sizlerden ricam\u0131z anne ve baba, okul olarak \u015fehir merkezi d\u0131\u015f\u0131ndan \u00e7ocuklar\u0131m\u0131z\u0131n Isparta\u2019ya getirilmesini sa\u011flamak. \u0130l\u00e7e, belde ve k\u00f6ylerden \u00e7ocuklar\u0131m\u0131z\u0131 getiremezsek bu fuardan istifade ettiremeyiz. O \u00e7ocuklar\u0131m\u0131z\u0131n getirilmesi i\u00e7in sizlerin deste\u011fine \u00e7ok ihtiyac\u0131m\u0131z var. Ge\u00e7en y\u0131l da say\u0131n valimiz bize bu konuda destek vererek \u00e7ocuklar\u0131m\u0131zda kitap sevgisini olu\u015fturmu\u015ftu. Bu konu \u00e7ok \u00f6nemli. \u00c7ok g\u00fczel yazarlar\u0131m\u0131z fuara gelecek. Hem yeti\u015fkinlere hem de \u00e7ocuklar\u0131m\u0131za bilgi verecek yazarlar\u0131m\u0131z\u0131n imza g\u00fcnlerine talep oluyor. Sizlerle beraber kitap fuar\u0131n\u0131 en iyi \u015fekle getirmek istiyoruz&#8221; g\u00f6r\u00fc\u015flerinde bulundu.<br \/><\/p>\n","protected":false},"excerpt":{"rendered":"<p>Isparta Belediye Ba\u015fkan\u0131 \u015e\u00fckr\u00fc Ba\u015fde\u011firmen, Vali Abdullah Erin ba\u015fkanl\u0131\u011f\u0131nda ger\u00e7ekle\u015ftirilen \u0130l ve \u0130l\u00e7e \u0130dare \u015eube Ba\u015fkanlar\u0131 ve Kaymakamlar toplant\u0131s\u0131nda 12-21 Aral\u0131k 2025 tarihleri aras\u0131nda d\u00fczenlenecek olan 8. Isparta Kitap Fuar\u0131 hakk\u0131nda bilgi verdi. Isparta Valisi Abdullah Erin ba\u015fkanl\u0131\u011f\u0131nda 2025 y\u0131l\u0131n\u0131n ikinci \u0130l ve \u0130l\u00e7e \u0130dare \u015eube Ba\u015fkanlar\u0131 ve Kaymakamlar Toplant\u0131s\u0131 ger\u00e7ekle\u015ftirildi. \u0130l K\u00fclt\u00fcr ve Turizm&#8230;<\/p>\n","protected":false},"author":1,"featured_media":70500,"comment_status":"open","ping_status":"open","sticky":false,"template":"","format":"standard","meta":{"_crdt_document":"","footnotes":""},"categories":[1],"tags":[],"class_list":["post-70499","post","type-post","status-publish","format-standard","has-post-thumbnail","hentry","category-guncel"],"_links":{"self":[{"href":"https:\/\/www.egemtv.com\/index.php?rest_route=\/wp\/v2\/posts\/70499","targetHints":{"allow":["GET"]}}],"collection":[{"href":"https:\/\/www.egemtv.com\/index.php?rest_route=\/wp\/v2\/posts"}],"about":[{"href":"https:\/\/www.egemtv.com\/index.php?rest_route=\/wp\/v2\/types\/post"}],"author":[{"embeddable":true,"href":"https:\/\/www.egemtv.com\/index.php?rest_route=\/wp\/v2\/users\/1"}],"replies":[{"embeddable":true,"href":"https:\/\/www.egemtv.com\/index.php?rest_route=%2Fwp%2Fv2%2Fcomments&post=70499"}],"version-history":[{"count":1,"href":"https:\/\/www.egemtv.com\/index.php?rest_route=\/wp\/v2\/posts\/70499\/revisions"}],"predecessor-version":[{"id":70501,"href":"https:\/\/www.egemtv.com\/index.php?rest_route=\/wp\/v2\/posts\/70499\/revisions\/70501"}],"wp:featuredmedia":[{"embeddable":true,"href":"https:\/\/www.egemtv.com\/index.php?rest_route=\/wp\/v2\/media\/70500"}],"wp:attachment":[{"href":"https:\/\/www.egemtv.com\/index.php?rest_route=%2Fwp%2Fv2%2Fmedia&parent=70499"}],"wp:term":[{"taxonomy":"category","embeddable":true,"href":"https:\/\/www.egemtv.com\/index.php?rest_route=%2Fwp%2Fv2%2Fcategories&post=70499"},{"taxonomy":"post_tag","embeddable":true,"href":"https:\/\/www.egemtv.com\/index.php?rest_route=%2Fwp%2Fv2%2Ftags&post=70499"}],"curies":[{"name":"wp","href":"https:\/\/api.w.org\/{rel}","templated":true}]}}