{"id":70496,"date":"2025-11-27T12:54:51","date_gmt":"2025-11-27T09:54:51","guid":{"rendered":"https:\/\/www.egemtv.com\/?p=70496"},"modified":"2025-11-27T12:54:52","modified_gmt":"2025-11-27T09:54:52","slug":"bahceye-ektigi-kabak-nar-agacinin-tepesinde-meyve-verdi","status":"publish","type":"post","link":"https:\/\/www.egemtv.com\/?p=70496","title":{"rendered":"Bah\u00e7eye ekti\u011fi kabak, nar a\u011fac\u0131n\u0131n tepesinde meyve verdi"},"content":{"rendered":"<p>Denizli\u2019nin Buldan il\u00e7esinde bir vatanda\u015f\u0131n bah\u00e7eye ekti\u011fi kabak, nar a\u011fac\u0131n\u0131n tepesine kadar uzayarak meyvelerini verdi.<\/p>\n<p>Denizli\u2019nin Buldan il\u00e7esi Turan Mahallesi\u2019nde bah\u00e7eye ekilen kabak, nar a\u011fac\u0131n\u0131n tepesinde meyvelerini verdi. Bahar aylar\u0131nda kabak \u00e7ekirdeklerini topra\u011fa g\u00f6md\u00fc\u011f\u00fcn\u00fc belirten Memnune Ac\u0131kara, &#8220;Kabaklar d\u00f6kecek diye \u00e7ok uzun s\u00fcre bekledim. Sulamas\u0131n\u0131 yapt\u0131m, yabani otlar\u0131n\u0131 temizledim. Her tarafa kol att\u0131 ancak bir t\u00fcrl\u00fc meyveye d\u00f6nmedi. Ben art\u0131k k\u0131\u015f geldi bu zamandan sonra meyve vermez diye d\u00fc\u015f\u00fcn\u00fcyordum. Daha sonra iki nar a\u011fac\u0131m\u0131n tepesinde kabaklar\u0131n oldu\u011funu g\u00f6rd\u00fcm. Toprakta yeti\u015fmeyen kabaklar nar a\u011fa\u00e7lar\u0131nda yeti\u015fti. Bug\u00fcne kadar b\u00f6yle bir \u015fey hi\u00e7 g\u00f6rmedim duymad\u0131m. Emeklerim \u00e7ok \u015f\u00fck\u00fcr bo\u015fa gitmedi&#8221; dedi.<br \/><\/p>\n","protected":false},"excerpt":{"rendered":"<p>Denizli\u2019nin Buldan il\u00e7esinde bir vatanda\u015f\u0131n bah\u00e7eye ekti\u011fi kabak, nar a\u011fac\u0131n\u0131n tepesine kadar uzayarak meyvelerini verdi. Denizli\u2019nin Buldan il\u00e7esi Turan Mahallesi\u2019nde bah\u00e7eye ekilen kabak, nar a\u011fac\u0131n\u0131n tepesinde meyvelerini verdi. Bahar aylar\u0131nda kabak \u00e7ekirdeklerini topra\u011fa g\u00f6md\u00fc\u011f\u00fcn\u00fc belirten Memnune Ac\u0131kara, &#8220;Kabaklar d\u00f6kecek diye \u00e7ok uzun s\u00fcre bekledim. Sulamas\u0131n\u0131 yapt\u0131m, yabani otlar\u0131n\u0131 temizledim. Her tarafa kol att\u0131 ancak bir&#8230;<\/p>\n","protected":false},"author":1,"featured_media":70497,"comment_status":"open","ping_status":"open","sticky":false,"template":"","format":"standard","meta":{"_crdt_document":"","footnotes":""},"categories":[1],"tags":[],"class_list":["post-70496","post","type-post","status-publish","format-standard","has-post-thumbnail","hentry","category-guncel"],"_links":{"self":[{"href":"https:\/\/www.egemtv.com\/index.php?rest_route=\/wp\/v2\/posts\/70496","targetHints":{"allow":["GET"]}}],"collection":[{"href":"https:\/\/www.egemtv.com\/index.php?rest_route=\/wp\/v2\/posts"}],"about":[{"href":"https:\/\/www.egemtv.com\/index.php?rest_route=\/wp\/v2\/types\/post"}],"author":[{"embeddable":true,"href":"https:\/\/www.egemtv.com\/index.php?rest_route=\/wp\/v2\/users\/1"}],"replies":[{"embeddable":true,"href":"https:\/\/www.egemtv.com\/index.php?rest_route=%2Fwp%2Fv2%2Fcomments&post=70496"}],"version-history":[{"count":1,"href":"https:\/\/www.egemtv.com\/index.php?rest_route=\/wp\/v2\/posts\/70496\/revisions"}],"predecessor-version":[{"id":70498,"href":"https:\/\/www.egemtv.com\/index.php?rest_route=\/wp\/v2\/posts\/70496\/revisions\/70498"}],"wp:featuredmedia":[{"embeddable":true,"href":"https:\/\/www.egemtv.com\/index.php?rest_route=\/wp\/v2\/media\/70497"}],"wp:attachment":[{"href":"https:\/\/www.egemtv.com\/index.php?rest_route=%2Fwp%2Fv2%2Fmedia&parent=70496"}],"wp:term":[{"taxonomy":"category","embeddable":true,"href":"https:\/\/www.egemtv.com\/index.php?rest_route=%2Fwp%2Fv2%2Fcategories&post=70496"},{"taxonomy":"post_tag","embeddable":true,"href":"https:\/\/www.egemtv.com\/index.php?rest_route=%2Fwp%2Fv2%2Ftags&post=70496"}],"curies":[{"name":"wp","href":"https:\/\/api.w.org\/{rel}","templated":true}]}}