{"id":70493,"date":"2025-11-27T12:34:52","date_gmt":"2025-11-27T09:34:52","guid":{"rendered":"https:\/\/www.egemtv.com\/?p=70493"},"modified":"2025-11-27T12:34:53","modified_gmt":"2025-11-27T09:34:53","slug":"tavsanli-anadolu-imam-hatip-ortaokulu-ogrencileri-kitaplarla-bulustu","status":"publish","type":"post","link":"https:\/\/www.egemtv.com\/?p=70493","title":{"rendered":"Tav\u015fanl\u0131 Anadolu \u0130mam Hatip Ortaokulu \u00f6\u011frencileri kitaplarla bulu\u015ftu"},"content":{"rendered":"<p>K\u00fctahya\u2019n\u0131n Tav\u015fanl\u0131 il\u00e7esi Anadolu \u0130mam Hatip Ortaokulu 5. s\u0131n\u0131f \u00f6\u011frencileri, okuma al\u0131\u015fkanl\u0131klar\u0131n\u0131 peki\u015ftirmek ve k\u00fct\u00fcphane k\u00fclt\u00fcr\u00fc edinmek amac\u0131yla anlaml\u0131 bir ziyaret ger\u00e7ekle\u015ftirdi.<br \/>\n<br \/>Okul \u00f6\u011fretmenleri rehberli\u011finde k\u00fct\u00fcphaneye gelen 5. s\u0131n\u0131f \u00f6\u011frencileri, k\u00fct\u00fcphanenin zengin i\u00e7eri\u011fi kar\u015f\u0131s\u0131nda b\u00fcy\u00fck heyecan ya\u015fad\u0131. Sessiz ve huzurlu bir ortamda kendilerine ayr\u0131lan b\u00f6l\u00fcmlerde diledikleri kitaplar\u0131 se\u00e7en \u00f6\u011frenciler, uzun s\u00fcre kitap okuyarak keyifli vakit ge\u00e7irdi. \u00d6\u011frenciler, okuduklar\u0131 hik\u00e2ye, roman ve bilgi kitaplar\u0131yla hem derslerine destek oldu hem de genel k\u00fclt\u00fcrlerini art\u0131rd\u0131. Ziyaret s\u0131ras\u0131nda k\u00fct\u00fcphanenin nas\u0131l kullan\u0131laca\u011f\u0131na dair uygulamal\u0131 bilgiler de edinen minik okurlar, kitaplar\u0131n d\u00fcnyas\u0131nda kayboldu.<br \/>\n<br \/>Ziyaretin en dikkat \u00e7ekici anlar\u0131ndan biri ise, \u00f6\u011frencilerin Zeytino\u011flu Halk K\u00fct\u00fcphanesi M\u00fcd\u00fcr\u00fc Mehmet Me\u015fe\u2019den ald\u0131klar\u0131 bilgiler oldu. K\u00fct\u00fcphane M\u00fcd\u00fcr\u00fc, \u00f6\u011frencilere k\u00fct\u00fcphanenin i\u015fleyi\u015fi, \u00fcyelik \u015fartlar\u0131 ve kitap \u00f6d\u00fcn\u00e7 alma s\u00fcre\u00e7leri hakk\u0131nda detayl\u0131 bilgiler verdi. Ayr\u0131ca \u00f6\u011frencilere okuman\u0131n \u00f6nemi, kitap se\u00e7imi ve k\u00fct\u00fcphanenin sundu\u011fu di\u011fer imk\u00e2nlar konusunda tavsiyelerde bulundu.<br \/><\/p>\n","protected":false},"excerpt":{"rendered":"<p>K\u00fctahya\u2019n\u0131n Tav\u015fanl\u0131 il\u00e7esi Anadolu \u0130mam Hatip Ortaokulu 5. s\u0131n\u0131f \u00f6\u011frencileri, okuma al\u0131\u015fkanl\u0131klar\u0131n\u0131 peki\u015ftirmek ve k\u00fct\u00fcphane k\u00fclt\u00fcr\u00fc edinmek amac\u0131yla anlaml\u0131 bir ziyaret ger\u00e7ekle\u015ftirdi. Okul \u00f6\u011fretmenleri rehberli\u011finde k\u00fct\u00fcphaneye gelen 5. s\u0131n\u0131f \u00f6\u011frencileri, k\u00fct\u00fcphanenin zengin i\u00e7eri\u011fi kar\u015f\u0131s\u0131nda b\u00fcy\u00fck heyecan ya\u015fad\u0131. Sessiz ve huzurlu bir ortamda kendilerine ayr\u0131lan b\u00f6l\u00fcmlerde diledikleri kitaplar\u0131 se\u00e7en \u00f6\u011frenciler, uzun s\u00fcre kitap okuyarak keyifli vakit&#8230;<\/p>\n","protected":false},"author":1,"featured_media":70494,"comment_status":"open","ping_status":"open","sticky":false,"template":"","format":"standard","meta":{"_crdt_document":"","footnotes":""},"categories":[1],"tags":[],"class_list":["post-70493","post","type-post","status-publish","format-standard","has-post-thumbnail","hentry","category-guncel"],"_links":{"self":[{"href":"https:\/\/www.egemtv.com\/index.php?rest_route=\/wp\/v2\/posts\/70493","targetHints":{"allow":["GET"]}}],"collection":[{"href":"https:\/\/www.egemtv.com\/index.php?rest_route=\/wp\/v2\/posts"}],"about":[{"href":"https:\/\/www.egemtv.com\/index.php?rest_route=\/wp\/v2\/types\/post"}],"author":[{"embeddable":true,"href":"https:\/\/www.egemtv.com\/index.php?rest_route=\/wp\/v2\/users\/1"}],"replies":[{"embeddable":true,"href":"https:\/\/www.egemtv.com\/index.php?rest_route=%2Fwp%2Fv2%2Fcomments&post=70493"}],"version-history":[{"count":1,"href":"https:\/\/www.egemtv.com\/index.php?rest_route=\/wp\/v2\/posts\/70493\/revisions"}],"predecessor-version":[{"id":70495,"href":"https:\/\/www.egemtv.com\/index.php?rest_route=\/wp\/v2\/posts\/70493\/revisions\/70495"}],"wp:featuredmedia":[{"embeddable":true,"href":"https:\/\/www.egemtv.com\/index.php?rest_route=\/wp\/v2\/media\/70494"}],"wp:attachment":[{"href":"https:\/\/www.egemtv.com\/index.php?rest_route=%2Fwp%2Fv2%2Fmedia&parent=70493"}],"wp:term":[{"taxonomy":"category","embeddable":true,"href":"https:\/\/www.egemtv.com\/index.php?rest_route=%2Fwp%2Fv2%2Fcategories&post=70493"},{"taxonomy":"post_tag","embeddable":true,"href":"https:\/\/www.egemtv.com\/index.php?rest_route=%2Fwp%2Fv2%2Ftags&post=70493"}],"curies":[{"name":"wp","href":"https:\/\/api.w.org\/{rel}","templated":true}]}}