{"id":70490,"date":"2025-11-27T12:34:51","date_gmt":"2025-11-27T09:34:51","guid":{"rendered":"https:\/\/www.egemtv.com\/?p=70490"},"modified":"2025-11-27T12:34:52","modified_gmt":"2025-11-27T09:34:52","slug":"mahsullerini-korumak-isteyen-ureticiler-domuzlarla-mucadele-ediyor","status":"publish","type":"post","link":"https:\/\/www.egemtv.com\/?p=70490","title":{"rendered":"Mahsullerini korumak isteyen \u00fcreticiler domuzlarla m\u00fccadele ediyor"},"content":{"rendered":"<p>Denizli\u2019nin \u00c7ameli il\u00e7esinde avc\u0131lar\u0131n d\u00fczenli \u015fekilde domuz av\u0131 ger\u00e7ekle\u015ftirerek \u00fcreticilerin mahsullerini korumaya katk\u0131 sa\u011flayan avc\u0131lara, \u00c7ameli Belediye Ba\u015fkan\u0131 Cengiz Arslan ziyaret etti. \u0130l\u00e7enin tar\u0131msal faaliyetlerine \u00f6nemli destek verdi\u011fini belirten \u00c7ameli Belediye Ba\u015fkan\u0131 Cengiz Arslan, &#8220;Belediye olarak, avc\u0131lar\u0131m\u0131z\u0131n yan\u0131nda olmaya ve \u00e7al\u0131\u015fmalar\u0131n\u0131 desteklemeye devam ediyoruz&#8221; dedi.<\/p>\n<p>Denizli\u2019nin \u00c7ameli il\u00e7esinde avc\u0131lar\u0131n d\u00fczenli \u015fekilde domuz av\u0131 ger\u00e7ekle\u015ftirerek \u00fcreticilerin mahsullerini korumaya katk\u0131 sa\u011flayan avc\u0131lara, \u00c7ameli Belediye Ba\u015fkan\u0131 Cengiz Arslan ziyaret etti. \u00c7ameli Belediye Cengiz Arslan, \u00c7ameli Avc\u0131lar Kul\u00fcb\u00fc ekibine fi\u015fek da\u011f\u0131t\u0131m\u0131nda bulundu. \u0130l\u00e7enin tar\u0131msal faaliyetlerine \u00f6nemli destek verdi\u011fini belirten \u00c7ameli Belediye Ba\u015fkan\u0131 Cengiz Arslan, &#8220;\u0130l\u00e7ede profesyonel olarak avc\u0131l\u0131k yapan kul\u00fcb\u00fcm\u00fcz ve avc\u0131lar\u0131m\u0131z, d\u00fczenli \u015fekilde domuz av\u0131 ger\u00e7ekle\u015ftirerek \u00fcreticilerimizin mahsullerini korumaya katk\u0131 sa\u011flamaktad\u0131r. Tam donan\u0131ml\u0131 ekipleri ve telsiz sistemleriyle s\u00fcrekli koordinasyon i\u00e7inde \u00e7al\u0131\u015fan avc\u0131lar\u0131m\u0131z, il\u00e7emizin tar\u0131msal faaliyetlerine \u00f6nemli destek vermektedir&#8221; dedi.<\/p>\n<p>&#8220;Belediye olarak, avc\u0131lar\u0131m\u0131z\u0131n yan\u0131nda olmaya ve \u00e7al\u0131\u015fmalar\u0131n\u0131 desteklemeye devam ediyoruz&#8221;<br \/>\n<br \/>\u00c7ameli Belediyesi olarak avc\u0131lar\u0131n yan\u0131nda olmaya devam edeceklerini dile getiren \u00c7ameli Belediye Ba\u015fkan\u0131 Cengiz Arslan, &#8220;Belediye olarak, avc\u0131lar\u0131m\u0131z\u0131n yan\u0131nda olmaya ve \u00e7al\u0131\u015fmalar\u0131n\u0131 desteklemeye devam ediyoruz. Bu s\u00fcre\u00e7te eme\u011fi ge\u00e7en Kul\u00fcp Ba\u015fkan\u0131 Murat Gen\u00e7 ve profesyonel ekibine te\u015fekk\u00fcr ederiz. \u00dcreticilerimizin mahsullerini korumak i\u00e7in hem \u00e7ift\u00e7ilerimizin hem de Avc\u0131lar Kul\u00fcb\u00fcm\u00fcz\u00fcn yan\u0131nday\u0131z&#8221; diye konu\u015ftu.<br \/><\/p>\n","protected":false},"excerpt":{"rendered":"<p>Denizli\u2019nin \u00c7ameli il\u00e7esinde avc\u0131lar\u0131n d\u00fczenli \u015fekilde domuz av\u0131 ger\u00e7ekle\u015ftirerek \u00fcreticilerin mahsullerini korumaya katk\u0131 sa\u011flayan avc\u0131lara, \u00c7ameli Belediye Ba\u015fkan\u0131 Cengiz Arslan ziyaret etti. \u0130l\u00e7enin tar\u0131msal faaliyetlerine \u00f6nemli destek verdi\u011fini belirten \u00c7ameli Belediye Ba\u015fkan\u0131 Cengiz Arslan, &#8220;Belediye olarak, avc\u0131lar\u0131m\u0131z\u0131n yan\u0131nda olmaya ve \u00e7al\u0131\u015fmalar\u0131n\u0131 desteklemeye devam ediyoruz&#8221; dedi. Denizli\u2019nin \u00c7ameli il\u00e7esinde avc\u0131lar\u0131n d\u00fczenli \u015fekilde domuz av\u0131 ger\u00e7ekle\u015ftirerek \u00fcreticilerin&#8230;<\/p>\n","protected":false},"author":1,"featured_media":70491,"comment_status":"open","ping_status":"open","sticky":false,"template":"","format":"standard","meta":{"_crdt_document":"","footnotes":""},"categories":[1],"tags":[],"class_list":["post-70490","post","type-post","status-publish","format-standard","has-post-thumbnail","hentry","category-guncel"],"_links":{"self":[{"href":"https:\/\/www.egemtv.com\/index.php?rest_route=\/wp\/v2\/posts\/70490","targetHints":{"allow":["GET"]}}],"collection":[{"href":"https:\/\/www.egemtv.com\/index.php?rest_route=\/wp\/v2\/posts"}],"about":[{"href":"https:\/\/www.egemtv.com\/index.php?rest_route=\/wp\/v2\/types\/post"}],"author":[{"embeddable":true,"href":"https:\/\/www.egemtv.com\/index.php?rest_route=\/wp\/v2\/users\/1"}],"replies":[{"embeddable":true,"href":"https:\/\/www.egemtv.com\/index.php?rest_route=%2Fwp%2Fv2%2Fcomments&post=70490"}],"version-history":[{"count":1,"href":"https:\/\/www.egemtv.com\/index.php?rest_route=\/wp\/v2\/posts\/70490\/revisions"}],"predecessor-version":[{"id":70492,"href":"https:\/\/www.egemtv.com\/index.php?rest_route=\/wp\/v2\/posts\/70490\/revisions\/70492"}],"wp:featuredmedia":[{"embeddable":true,"href":"https:\/\/www.egemtv.com\/index.php?rest_route=\/wp\/v2\/media\/70491"}],"wp:attachment":[{"href":"https:\/\/www.egemtv.com\/index.php?rest_route=%2Fwp%2Fv2%2Fmedia&parent=70490"}],"wp:term":[{"taxonomy":"category","embeddable":true,"href":"https:\/\/www.egemtv.com\/index.php?rest_route=%2Fwp%2Fv2%2Fcategories&post=70490"},{"taxonomy":"post_tag","embeddable":true,"href":"https:\/\/www.egemtv.com\/index.php?rest_route=%2Fwp%2Fv2%2Ftags&post=70490"}],"curies":[{"name":"wp","href":"https:\/\/api.w.org\/{rel}","templated":true}]}}