{"id":70487,"date":"2025-11-27T12:14:39","date_gmt":"2025-11-27T09:14:39","guid":{"rendered":"https:\/\/www.egemtv.com\/?p=70487"},"modified":"2025-11-27T12:14:40","modified_gmt":"2025-11-27T09:14:40","slug":"sarigolde-uzum-hasadi-araliksiz-suruyor-2","status":"publish","type":"post","link":"https:\/\/www.egemtv.com\/?p=70487","title":{"rendered":"Sar\u0131g\u00f6l\u2019de \u00fcz\u00fcm hasad\u0131 aral\u0131ks\u0131z s\u00fcr\u00fcyor"},"content":{"rendered":"<p>D\u00fcnyaca \u00fcnl\u00fc Sultani \u00e7ekirdeksiz \u00fcz\u00fcm\u00fcn\u00fcn yeti\u015ftirildi\u011fi Manisa\u2019n\u0131n Sar\u0131g\u00f6l il\u00e7esinde k\u0131\u015f aylar\u0131na girilmesine ra\u011fmen \u00fcz\u00fcm hasad\u0131 devam ediyor.<br \/>\n<br \/>Sar\u0131g\u00f6l Ovas\u0131\u2019n\u0131n d\u00fcnyaca \u00fcnl\u00fc \u00e7ekirdeksiz Sultaniye \u00fcz\u00fcmlerinde hasat yo\u011fun tempoda devam ediyor. Temmuz ay\u0131nda erkenci \u00fcz\u00fcmle ba\u015flayan kesim s\u00fcreci, Kas\u0131m ay\u0131n\u0131n sonuna gelinmesine ra\u011fmen il\u00e7e genelinde h\u0131z kesmeden s\u00fcr\u00fcyor. Ba\u011flarda yakla\u015f\u0131k bin ton civar\u0131nda \u00fcz\u00fcm\u00fcn h\u00e2l\u00e2 kesim a\u015famas\u0131nda oldu\u011fu belirtiliyor. Sar\u0131g\u00f6l Ovas\u0131\u2019nda 113 bin dekarl\u0131k alanda ba\u015fta Sultaniye olmak \u00fczere dokuz \u00e7e\u015fit \u00fcz\u00fcm yeti\u015fti\u011fini ifade eden Sar\u0131g\u00f6l Ziraat Odas\u0131 Ba\u015fkan\u0131 Ali \u0130hsan \u00dclgen, hasad\u0131n Aral\u0131k ay\u0131 ortalar\u0131na kadar s\u00fcrece\u011fini s\u00f6yledi.<br \/>\n<br \/>\u00dclgen, \u00fcreticinin bu sezon fiyatlardan memnun olmad\u0131\u011f\u0131n\u0131 vurgulayarak \u015fu bilgileri payla\u015ft\u0131:<br \/>\n<br \/>&#8220;Bu y\u0131l \u00fcreticiler bekledi\u011fi sat\u0131\u015f fiyat\u0131n\u0131 bulamad\u0131. Sezon ba\u015f\u0131nda yal \u00fcz\u00fcm fiyat\u0131 kilosu 65 liraya kadar \u00e7\u0131km\u0131\u015ft\u0131. \u0130hracatta durgunluk ya\u015fand\u0131, i\u00e7 piyasa nispeten hareketliydi. \u015eu an Sar\u0131g\u00f6l Ovas\u0131\u2019nda tahminlerimize g\u00f6re yakla\u015f\u0131k 1000 ton \u00fcz\u00fcm bulunuyor. Kaliteli olanlar 40 liradan, genel olarak ise 20-30 lira aras\u0131nda sat\u0131l\u0131yor. Pazarc\u0131lar i\u00e7 piyasa i\u00e7in al\u0131m yap\u0131yor. \u00c7\u0131k\u0131nt\u0131 \u00fcz\u00fcmler bile kilosu 20 liradan al\u0131c\u0131 buluyor.&#8221;<br \/>\n<br \/>\u00dcreticilerin y\u00fcksek girdi maliyetlerinden ve d\u00fc\u015fen fiyatlardan dolay\u0131 bu sezon s\u0131k\u0131nt\u0131l\u0131 olduklar\u0131 ifade edildi.<br \/><\/p>\n","protected":false},"excerpt":{"rendered":"<p>D\u00fcnyaca \u00fcnl\u00fc Sultani \u00e7ekirdeksiz \u00fcz\u00fcm\u00fcn\u00fcn yeti\u015ftirildi\u011fi Manisa\u2019n\u0131n Sar\u0131g\u00f6l il\u00e7esinde k\u0131\u015f aylar\u0131na girilmesine ra\u011fmen \u00fcz\u00fcm hasad\u0131 devam ediyor. Sar\u0131g\u00f6l Ovas\u0131\u2019n\u0131n d\u00fcnyaca \u00fcnl\u00fc \u00e7ekirdeksiz Sultaniye \u00fcz\u00fcmlerinde hasat yo\u011fun tempoda devam ediyor. Temmuz ay\u0131nda erkenci \u00fcz\u00fcmle ba\u015flayan kesim s\u00fcreci, Kas\u0131m ay\u0131n\u0131n sonuna gelinmesine ra\u011fmen il\u00e7e genelinde h\u0131z kesmeden s\u00fcr\u00fcyor. Ba\u011flarda yakla\u015f\u0131k bin ton civar\u0131nda \u00fcz\u00fcm\u00fcn h\u00e2l\u00e2 kesim a\u015famas\u0131nda&#8230;<\/p>\n","protected":false},"author":1,"featured_media":70488,"comment_status":"open","ping_status":"open","sticky":false,"template":"","format":"standard","meta":{"_crdt_document":"","footnotes":""},"categories":[125],"tags":[],"class_list":["post-70487","post","type-post","status-publish","format-standard","has-post-thumbnail","hentry","category-ekonomi"],"_links":{"self":[{"href":"https:\/\/www.egemtv.com\/index.php?rest_route=\/wp\/v2\/posts\/70487","targetHints":{"allow":["GET"]}}],"collection":[{"href":"https:\/\/www.egemtv.com\/index.php?rest_route=\/wp\/v2\/posts"}],"about":[{"href":"https:\/\/www.egemtv.com\/index.php?rest_route=\/wp\/v2\/types\/post"}],"author":[{"embeddable":true,"href":"https:\/\/www.egemtv.com\/index.php?rest_route=\/wp\/v2\/users\/1"}],"replies":[{"embeddable":true,"href":"https:\/\/www.egemtv.com\/index.php?rest_route=%2Fwp%2Fv2%2Fcomments&post=70487"}],"version-history":[{"count":1,"href":"https:\/\/www.egemtv.com\/index.php?rest_route=\/wp\/v2\/posts\/70487\/revisions"}],"predecessor-version":[{"id":70489,"href":"https:\/\/www.egemtv.com\/index.php?rest_route=\/wp\/v2\/posts\/70487\/revisions\/70489"}],"wp:featuredmedia":[{"embeddable":true,"href":"https:\/\/www.egemtv.com\/index.php?rest_route=\/wp\/v2\/media\/70488"}],"wp:attachment":[{"href":"https:\/\/www.egemtv.com\/index.php?rest_route=%2Fwp%2Fv2%2Fmedia&parent=70487"}],"wp:term":[{"taxonomy":"category","embeddable":true,"href":"https:\/\/www.egemtv.com\/index.php?rest_route=%2Fwp%2Fv2%2Fcategories&post=70487"},{"taxonomy":"post_tag","embeddable":true,"href":"https:\/\/www.egemtv.com\/index.php?rest_route=%2Fwp%2Fv2%2Ftags&post=70487"}],"curies":[{"name":"wp","href":"https:\/\/api.w.org\/{rel}","templated":true}]}}