{"id":70484,"date":"2025-11-27T12:14:38","date_gmt":"2025-11-27T09:14:38","guid":{"rendered":"https:\/\/www.egemtv.com\/?p=70484"},"modified":"2025-11-27T12:14:39","modified_gmt":"2025-11-27T09:14:39","slug":"aydin-buyuksehirden-istisnai-kadro-aciklamasi","status":"publish","type":"post","link":"https:\/\/www.egemtv.com\/?p=70484","title":{"rendered":"Ayd\u0131n B\u00fcy\u00fck\u015fehir\u2019den istisnai kadro a\u00e7\u0131klamas\u0131"},"content":{"rendered":"<p>Ayd\u0131n B\u00fcy\u00fck\u015fehir Belediyesi belediye b\u00fcnyesinde istisnai kadro ba\u015fvurusunda bulunuldu\u011fu y\u00f6n\u00fcndeki haberlerin ger\u00e7e\u011fi yans\u0131tmad\u0131\u011f\u0131 a\u00e7\u0131kland\u0131.<\/p>\n<p>Ayd\u0131n B\u00fcy\u00fck\u015fehir Belediyesi\u2019nden yap\u0131lan a\u00e7\u0131klamada, &#8220;Baz\u0131 bas\u0131n yay\u0131n organlar\u0131nda, Ayd\u0131n B\u00fcy\u00fck\u015fehir Belediyemiz b\u00fcnyesinde istisnai kadro ba\u015fvurusunda bulunuldu\u011fu ve bu ba\u015fvuruya olumsuz yan\u0131t verildi\u011fi y\u00f6n\u00fcnde ger\u00e7e\u011fi yans\u0131tmayan haberler yer alm\u0131\u015ft\u0131r. Ayd\u0131n B\u00fcy\u00fck\u015fehir Belediyesi\u2019nin Bakanl\u0131k nezdinde herhangi bir istisnai kadro ba\u015fvurusu bulunmad\u0131\u011f\u0131 gibi, bu y\u00f6nde olumsuz bir yan\u0131t da s\u00f6z konusu de\u011fildir. S\u00f6z konusu haberler tamamen as\u0131ls\u0131zd\u0131r. T\u00fcm tazminat ve sair hukuki haklar\u0131m\u0131z sakl\u0131 kalmak kayd\u0131yla kamuoyuna sayg\u0131yla duyurulur&#8221; denildi.<br \/><\/p>\n","protected":false},"excerpt":{"rendered":"<p>Ayd\u0131n B\u00fcy\u00fck\u015fehir Belediyesi belediye b\u00fcnyesinde istisnai kadro ba\u015fvurusunda bulunuldu\u011fu y\u00f6n\u00fcndeki haberlerin ger\u00e7e\u011fi yans\u0131tmad\u0131\u011f\u0131 a\u00e7\u0131kland\u0131. Ayd\u0131n B\u00fcy\u00fck\u015fehir Belediyesi\u2019nden yap\u0131lan a\u00e7\u0131klamada, &#8220;Baz\u0131 bas\u0131n yay\u0131n organlar\u0131nda, Ayd\u0131n B\u00fcy\u00fck\u015fehir Belediyemiz b\u00fcnyesinde istisnai kadro ba\u015fvurusunda bulunuldu\u011fu ve bu ba\u015fvuruya olumsuz yan\u0131t verildi\u011fi y\u00f6n\u00fcnde ger\u00e7e\u011fi yans\u0131tmayan haberler yer alm\u0131\u015ft\u0131r. Ayd\u0131n B\u00fcy\u00fck\u015fehir Belediyesi\u2019nin Bakanl\u0131k nezdinde herhangi bir istisnai kadro ba\u015fvurusu bulunmad\u0131\u011f\u0131 gibi,&#8230;<\/p>\n","protected":false},"author":1,"featured_media":70485,"comment_status":"open","ping_status":"open","sticky":false,"template":"","format":"standard","meta":{"_crdt_document":"","footnotes":""},"categories":[1],"tags":[],"class_list":["post-70484","post","type-post","status-publish","format-standard","has-post-thumbnail","hentry","category-guncel"],"_links":{"self":[{"href":"https:\/\/www.egemtv.com\/index.php?rest_route=\/wp\/v2\/posts\/70484","targetHints":{"allow":["GET"]}}],"collection":[{"href":"https:\/\/www.egemtv.com\/index.php?rest_route=\/wp\/v2\/posts"}],"about":[{"href":"https:\/\/www.egemtv.com\/index.php?rest_route=\/wp\/v2\/types\/post"}],"author":[{"embeddable":true,"href":"https:\/\/www.egemtv.com\/index.php?rest_route=\/wp\/v2\/users\/1"}],"replies":[{"embeddable":true,"href":"https:\/\/www.egemtv.com\/index.php?rest_route=%2Fwp%2Fv2%2Fcomments&post=70484"}],"version-history":[{"count":1,"href":"https:\/\/www.egemtv.com\/index.php?rest_route=\/wp\/v2\/posts\/70484\/revisions"}],"predecessor-version":[{"id":70486,"href":"https:\/\/www.egemtv.com\/index.php?rest_route=\/wp\/v2\/posts\/70484\/revisions\/70486"}],"wp:featuredmedia":[{"embeddable":true,"href":"https:\/\/www.egemtv.com\/index.php?rest_route=\/wp\/v2\/media\/70485"}],"wp:attachment":[{"href":"https:\/\/www.egemtv.com\/index.php?rest_route=%2Fwp%2Fv2%2Fmedia&parent=70484"}],"wp:term":[{"taxonomy":"category","embeddable":true,"href":"https:\/\/www.egemtv.com\/index.php?rest_route=%2Fwp%2Fv2%2Fcategories&post=70484"},{"taxonomy":"post_tag","embeddable":true,"href":"https:\/\/www.egemtv.com\/index.php?rest_route=%2Fwp%2Fv2%2Ftags&post=70484"}],"curies":[{"name":"wp","href":"https:\/\/api.w.org\/{rel}","templated":true}]}}