{"id":70481,"date":"2025-11-27T11:55:08","date_gmt":"2025-11-27T08:55:08","guid":{"rendered":"https:\/\/www.egemtv.com\/?p=70481"},"modified":"2025-11-27T11:55:09","modified_gmt":"2025-11-27T08:55:09","slug":"adulu-akademisyen-aydin-lisesinde-ogrencilerle-bulustu","status":"publish","type":"post","link":"https:\/\/www.egemtv.com\/?p=70481","title":{"rendered":"AD\u00dc\u2019l\u00fc akademisyen Ayd\u0131n Lisesi\u2019nde \u00f6\u011frencilerle bulu\u015ftu"},"content":{"rendered":"<p>Ayd\u0131n Lisesi taraf\u0131ndan s\u00fcrd\u00fcr\u00fclen \u2019Akademisyenlerin Derslere Girmesi Projesi\u2019 kapsam\u0131nda, Ayd\u0131n Adnan Menderes \u00dcniversitesi T\u0131p Fak\u00fcltesi Kardiyoloji Anabilim Dal\u0131 Ba\u015fkan\u0131 Prof. Dr. Ceyhun Ceyhan \u00f6\u011frencilerle bir araya gelerek hem akademik ders verdi hem de t\u0131p fak\u00fcltesi ve meslek se\u00e7imi konusunda bilgi payla\u015ft\u0131.<\/p>\n<p>Ayd\u0131n Lisesi taraf\u0131ndan 2019 y\u0131l\u0131nda ba\u015flat\u0131lan \u2019Akademisyenlerin Derslere Girmesi Projesi\u2019 s\u00fcrerken, proje kapsam\u0131nda bug\u00fcne kadar 80 akademisyen derslere girerek \u00f6\u011frencilerle bilgi ve tecr\u00fcbelerini payla\u015ft\u0131. Proje \u00e7er\u00e7evesinde bu hafta Ayd\u0131n Adnan Menderes \u00dcniversitesi T\u0131p Fak\u00fcltesi Kardiyoloji Anabilim Dal\u0131 Ba\u015fkan\u0131 Prof. Dr. Ceyhun Ceyhan, Ayd\u0131n Lisesi\u2019nde \u00f6\u011frencilerle bir araya geldi.<\/p>\n<p>Program\u0131n ilk b\u00f6l\u00fcm\u00fcnde 11. s\u0131n\u0131f \u00f6\u011frencileriyle biyoloji dersinde bulu\u015fan Prof. Dr. Ceyhun Ceyhan, dola\u015f\u0131m sistemi ve kalbin yap\u0131s\u0131 konusunu ele ald\u0131. Kardiyoloji alan\u0131ndaki bilgi ve tecr\u00fcbelerini klinik \u00f6rneklerle destekleyen Ceyhan, konular\u0131 \u00f6\u011frenciler i\u00e7in daha somut ve anla\u015f\u0131l\u0131r hale getirdi. \u00d6\u011frenciler, kalbin i\u015fleyi\u015fini alan\u0131nda uzman bir akademisyenden dinleme f\u0131rsat\u0131 yakalad\u0131. Etkinli\u011fin ikinci b\u00f6l\u00fcm\u00fcnde ise \u00fcniversite s\u0131nav\u0131na haz\u0131rlanan 12. s\u0131n\u0131f \u00f6\u011frencilerine y\u00f6nelik bilgilendirme yap\u0131ld\u0131. T\u0131p fak\u00fcltesi tercihi ve hekimlik mesle\u011fi \u00fczerine konu\u015fan Prof. Dr. Ceyhan, \u00f6\u011frencilerden gelen sorular\u0131 yan\u0131tlad\u0131. T\u0131p e\u011fitiminin gerektirdi\u011fi fedakarl\u0131klar, uzmanl\u0131k alanlar\u0131, meslek hayat\u0131 ve t\u0131p d\u00fcnyas\u0131n\u0131n gelece\u011fi hakk\u0131nda \u00f6nemli payla\u015f\u0131mlarda bulundu.<\/p>\n<p>Okul M\u00fcd\u00fcr\u00fc Serkan Akyol, projenin \u00f6\u011frenciler a\u00e7\u0131s\u0131ndan b\u00fcy\u00fck kazan\u0131mlar sa\u011flad\u0131\u011f\u0131n\u0131 belirterek, \u00f6\u011frencilerin yaln\u0131zca kitabi bilgilerle de\u011fil, alan\u0131nda uzman akademisyenlerin deneyimleriyle de donanmas\u0131n\u0131 hedeflediklerini kaydetti. Akyol, Prof. Dr. Ceyhan\u2019\u0131n hem akademik katk\u0131s\u0131n\u0131n hem de kariyer rehberli\u011finin \u00f6\u011frencilere \u00f6nemli bir vizyon kazand\u0131rd\u0131\u011f\u0131n\u0131 ifade etti.<br \/><\/p>\n","protected":false},"excerpt":{"rendered":"<p>Ayd\u0131n Lisesi taraf\u0131ndan s\u00fcrd\u00fcr\u00fclen \u2019Akademisyenlerin Derslere Girmesi Projesi\u2019 kapsam\u0131nda, Ayd\u0131n Adnan Menderes \u00dcniversitesi T\u0131p Fak\u00fcltesi Kardiyoloji Anabilim Dal\u0131 Ba\u015fkan\u0131 Prof. Dr. Ceyhun Ceyhan \u00f6\u011frencilerle bir araya gelerek hem akademik ders verdi hem de t\u0131p fak\u00fcltesi ve meslek se\u00e7imi konusunda bilgi payla\u015ft\u0131. Ayd\u0131n Lisesi taraf\u0131ndan 2019 y\u0131l\u0131nda ba\u015flat\u0131lan \u2019Akademisyenlerin Derslere Girmesi Projesi\u2019 s\u00fcrerken, proje kapsam\u0131nda bug\u00fcne&#8230;<\/p>\n","protected":false},"author":1,"featured_media":70482,"comment_status":"open","ping_status":"open","sticky":false,"template":"","format":"standard","meta":{"_crdt_document":"","footnotes":""},"categories":[1],"tags":[],"class_list":["post-70481","post","type-post","status-publish","format-standard","has-post-thumbnail","hentry","category-guncel"],"_links":{"self":[{"href":"https:\/\/www.egemtv.com\/index.php?rest_route=\/wp\/v2\/posts\/70481","targetHints":{"allow":["GET"]}}],"collection":[{"href":"https:\/\/www.egemtv.com\/index.php?rest_route=\/wp\/v2\/posts"}],"about":[{"href":"https:\/\/www.egemtv.com\/index.php?rest_route=\/wp\/v2\/types\/post"}],"author":[{"embeddable":true,"href":"https:\/\/www.egemtv.com\/index.php?rest_route=\/wp\/v2\/users\/1"}],"replies":[{"embeddable":true,"href":"https:\/\/www.egemtv.com\/index.php?rest_route=%2Fwp%2Fv2%2Fcomments&post=70481"}],"version-history":[{"count":1,"href":"https:\/\/www.egemtv.com\/index.php?rest_route=\/wp\/v2\/posts\/70481\/revisions"}],"predecessor-version":[{"id":70483,"href":"https:\/\/www.egemtv.com\/index.php?rest_route=\/wp\/v2\/posts\/70481\/revisions\/70483"}],"wp:featuredmedia":[{"embeddable":true,"href":"https:\/\/www.egemtv.com\/index.php?rest_route=\/wp\/v2\/media\/70482"}],"wp:attachment":[{"href":"https:\/\/www.egemtv.com\/index.php?rest_route=%2Fwp%2Fv2%2Fmedia&parent=70481"}],"wp:term":[{"taxonomy":"category","embeddable":true,"href":"https:\/\/www.egemtv.com\/index.php?rest_route=%2Fwp%2Fv2%2Fcategories&post=70481"},{"taxonomy":"post_tag","embeddable":true,"href":"https:\/\/www.egemtv.com\/index.php?rest_route=%2Fwp%2Fv2%2Ftags&post=70481"}],"curies":[{"name":"wp","href":"https:\/\/api.w.org\/{rel}","templated":true}]}}