{"id":70478,"date":"2025-11-27T11:55:07","date_gmt":"2025-11-27T08:55:07","guid":{"rendered":"https:\/\/www.egemtv.com\/?p=70478"},"modified":"2025-11-27T11:55:08","modified_gmt":"2025-11-27T08:55:08","slug":"muglanin-kadin-hokey-takimi-tiflis-kupasi-icin-gurcistan-yolcusu","status":"publish","type":"post","link":"https:\/\/www.egemtv.com\/?p=70478","title":{"rendered":"Mu\u011fla\u2019n\u0131n Kad\u0131n Hokey tak\u0131m\u0131, &#8220;Tiflis Kupas\u0131&#8221; i\u00e7in G\u00fcrcistan yolcusu"},"content":{"rendered":"<p>Mu\u011fla\u2019n\u0131n gururu Ege Y\u0131ld\u0131zlar\u0131 kad\u0131n hokey tak\u0131m\u0131, G\u00fcrcistan\u2019\u0131n Tiflis \u015fehrinde d\u00fczenlenecek olan uluslararas\u0131 turnuva \u00f6ncesinde haz\u0131rl\u0131klar\u0131n\u0131 g\u00fcnde \u00e7ift antrenmanla s\u00fcrd\u00fcr\u00fcyor. Kul\u00fcp As Ba\u015fkan\u0131 Ayhan Hasdemir, Tiflis Kupas\u0131\u2019ndan \u015fampiyonlukla d\u00f6nmek istediklerini belirtti.<\/p>\n<p>Mu\u011fla\u2019y\u0131 uluslararas\u0131 arenada temsil edecek olan Ege Y\u0131ld\u0131zlar\u0131 Spor Kul\u00fcb\u00fc Kad\u0131n Hokey Tak\u0131m\u0131, G\u00fcrcistan\u2019\u0131n ba\u015fkenti Tiflis\u2019te d\u00fczenlenecek olan &#8220;Tiflis Kupas\u0131&#8221; turnuvas\u0131 i\u00e7in haz\u0131rl\u0131klar\u0131n\u0131 h\u0131zland\u0131rd\u0131. Tak\u0131m, Mente\u015fe Spor Salonu\u2019nda g\u00fcnde \u00e7ift antrenman yaparak turnuvaya en iyi \u015fekilde haz\u0131rlan\u0131yor.<\/p>\n<p>Organizasyon ile ilgili a\u00e7\u0131klamalarda bulunan Ege Y\u0131ld\u0131zlar\u0131 Spor Kul\u00fcb\u00fc As Ba\u015fkan\u0131 Ayhan Hasdemir, hedeflerinin \u015fampiyonluk oldu\u011funu dile getirdi.<br \/>\n<br \/>Hasdemir, \u015funlar\u0131 s\u00f6yledi &#8220;G\u00fcrcistan Tiflis\u2019te yap\u0131lacak olan Tiflis Kupas\u0131\u2019ndan \u015fampiyon olarak Mu\u011fla\u2019ya d\u00f6nmek istiyoruz. Saburhane mevki, M\u00fc\u015ftakbey Mahallesi ve Orhaniye Mahallesi\u2019nde ya\u015fayan Mu\u011fla\u2019m\u0131z\u0131n k\u0131zlar\u0131 ile G\u00fcrcistan Tiflis\u2019e gidece\u011fiz. Bize destek veren t\u00fcm destek\u00e7ilerimize \u015fimdiden te\u015fekk\u00fcr ederiz &#8220;dedi.<br \/><\/p>\n","protected":false},"excerpt":{"rendered":"<p>Mu\u011fla\u2019n\u0131n gururu Ege Y\u0131ld\u0131zlar\u0131 kad\u0131n hokey tak\u0131m\u0131, G\u00fcrcistan\u2019\u0131n Tiflis \u015fehrinde d\u00fczenlenecek olan uluslararas\u0131 turnuva \u00f6ncesinde haz\u0131rl\u0131klar\u0131n\u0131 g\u00fcnde \u00e7ift antrenmanla s\u00fcrd\u00fcr\u00fcyor. Kul\u00fcp As Ba\u015fkan\u0131 Ayhan Hasdemir, Tiflis Kupas\u0131\u2019ndan \u015fampiyonlukla d\u00f6nmek istediklerini belirtti. Mu\u011fla\u2019y\u0131 uluslararas\u0131 arenada temsil edecek olan Ege Y\u0131ld\u0131zlar\u0131 Spor Kul\u00fcb\u00fc Kad\u0131n Hokey Tak\u0131m\u0131, G\u00fcrcistan\u2019\u0131n ba\u015fkenti Tiflis\u2019te d\u00fczenlenecek olan &#8220;Tiflis Kupas\u0131&#8221; turnuvas\u0131 i\u00e7in haz\u0131rl\u0131klar\u0131n\u0131 h\u0131zland\u0131rd\u0131&#8230;.<\/p>\n","protected":false},"author":1,"featured_media":70479,"comment_status":"open","ping_status":"open","sticky":false,"template":"","format":"standard","meta":{"_crdt_document":"","footnotes":""},"categories":[4],"tags":[],"class_list":["post-70478","post","type-post","status-publish","format-standard","has-post-thumbnail","hentry","category-spor"],"_links":{"self":[{"href":"https:\/\/www.egemtv.com\/index.php?rest_route=\/wp\/v2\/posts\/70478","targetHints":{"allow":["GET"]}}],"collection":[{"href":"https:\/\/www.egemtv.com\/index.php?rest_route=\/wp\/v2\/posts"}],"about":[{"href":"https:\/\/www.egemtv.com\/index.php?rest_route=\/wp\/v2\/types\/post"}],"author":[{"embeddable":true,"href":"https:\/\/www.egemtv.com\/index.php?rest_route=\/wp\/v2\/users\/1"}],"replies":[{"embeddable":true,"href":"https:\/\/www.egemtv.com\/index.php?rest_route=%2Fwp%2Fv2%2Fcomments&post=70478"}],"version-history":[{"count":1,"href":"https:\/\/www.egemtv.com\/index.php?rest_route=\/wp\/v2\/posts\/70478\/revisions"}],"predecessor-version":[{"id":70480,"href":"https:\/\/www.egemtv.com\/index.php?rest_route=\/wp\/v2\/posts\/70478\/revisions\/70480"}],"wp:featuredmedia":[{"embeddable":true,"href":"https:\/\/www.egemtv.com\/index.php?rest_route=\/wp\/v2\/media\/70479"}],"wp:attachment":[{"href":"https:\/\/www.egemtv.com\/index.php?rest_route=%2Fwp%2Fv2%2Fmedia&parent=70478"}],"wp:term":[{"taxonomy":"category","embeddable":true,"href":"https:\/\/www.egemtv.com\/index.php?rest_route=%2Fwp%2Fv2%2Fcategories&post=70478"},{"taxonomy":"post_tag","embeddable":true,"href":"https:\/\/www.egemtv.com\/index.php?rest_route=%2Fwp%2Fv2%2Ftags&post=70478"}],"curies":[{"name":"wp","href":"https:\/\/api.w.org\/{rel}","templated":true}]}}