{"id":70475,"date":"2025-11-27T11:55:06","date_gmt":"2025-11-27T08:55:06","guid":{"rendered":"https:\/\/www.egemtv.com\/?p=70475"},"modified":"2025-11-27T11:55:07","modified_gmt":"2025-11-27T08:55:07","slug":"ula-anaokulu-ogrencileri-kayip-masallar-kitabi-ile-sanatla-bulustu","status":"publish","type":"post","link":"https:\/\/www.egemtv.com\/?p=70475","title":{"rendered":"Ula Anaokulu \u00f6\u011frencileri &#8220;Kay\u0131p Masallar Kitab\u0131&#8221; ile sanatla bulu\u015ftu"},"content":{"rendered":"<p>Ula Gen\u00e7lik ve Spor \u0130l\u00e7e M\u00fcd\u00fcrl\u00fc\u011f\u00fc ve Uluslararas\u0131 Gen\u00e7lik Merkezi g\u00f6n\u00fcll\u00fcleri, Ula Anaokulu \u00f6\u011frencilerine y\u00f6nelik haz\u0131rlad\u0131klar\u0131 &#8220;Kay\u0131p Masallar Kitab\u0131&#8221; adl\u0131 \u00e7ocuk tiyatrosuyla unutulmaz bir g\u00fcn ya\u015fatt\u0131. Renkli dekorlar ve interaktif anlat\u0131m\u0131n \u00f6ne \u00e7\u0131kt\u0131\u011f\u0131 etkinlik, miniklerden tam not ald\u0131.<\/p>\n<p>Ula Gen\u00e7lik ve Spor \u0130l\u00e7e M\u00fcd\u00fcrl\u00fc\u011f\u00fc b\u00fcnyesinde faaliyet g\u00f6steren ve Uluslararas\u0131 Gen\u00e7lik Merkezi g\u00f6n\u00fcll\u00fc gen\u00e7lerinden olu\u015fan tiyatro ekibi, anlaml\u0131 bir sosyal sorumluluk projesine imza att\u0131. G\u00f6n\u00fcll\u00fc gen\u00e7ler, kendi emekleriyle haz\u0131rlad\u0131klar\u0131 kost\u00fcm ve dekorlar\u0131 kullanarak sahneledikleri &#8220;Kay\u0131p Masallar Kitab\u0131&#8221; adl\u0131 \u00e7ocuk tiyatrosunu Ula Anaokulu \u00f6\u011frencileri i\u00e7in \u00f6zel olarak sundu.<\/p>\n<p>Tiyatro oyunu, masallar\u0131n kayboldu\u011fu bir d\u00fcnyada maceraya at\u0131lan kahramanlar\u0131n hikayesini merkeze alarak, \u00e7ocuklara hem e\u011flenceli hem de e\u011fitici mesajlar verdi. Renkli sahne dekorlar\u0131, e\u011flenceli karakterleri ve interaktif anlat\u0131m\u0131yla dikkat \u00e7eken oyun, miniklerin b\u00fcy\u00fck be\u011fenisini toplad\u0131.<\/p>\n<p>G\u00f6steri s\u0131ras\u0131nda \u00f6\u011frenciler, oyunda yer alan \u015fark\u0131lara co\u015fkuyla e\u015flik etti, kahramanlarla konu\u015farak ve sahnedeki g\u00f6revleri yerine getirerek oyunun aktif bir par\u00e7as\u0131 haline geldi. \u00c7ocuklar\u0131n ne\u015fesi, \u015fa\u015fk\u0131nl\u0131\u011f\u0131 ve heyecan\u0131 t\u00fcm salonu doldururken, \u00f6\u011fretmenler ve veliler de gen\u00e7lerin sergiledi\u011fi ba\u015far\u0131l\u0131 performans\u0131 takdirle kar\u015f\u0131lad\u0131.<\/p>\n<p>Ula Gen\u00e7lik ve Spor \u0130l\u00e7e M\u00fcd\u00fcrl\u00fc\u011f\u00fc yetkilileri ve Uluslararas\u0131 Gen\u00e7lik Merkezi liderleri, etkinlik sonras\u0131nda bir a\u00e7\u0131klama yaparak g\u00f6n\u00fcll\u00fc gen\u00e7lerin \u00f6zverili \u00e7al\u0131\u015fmalar\u0131na te\u015fekk\u00fcr etti.<br \/><\/p>\n","protected":false},"excerpt":{"rendered":"<p>Ula Gen\u00e7lik ve Spor \u0130l\u00e7e M\u00fcd\u00fcrl\u00fc\u011f\u00fc ve Uluslararas\u0131 Gen\u00e7lik Merkezi g\u00f6n\u00fcll\u00fcleri, Ula Anaokulu \u00f6\u011frencilerine y\u00f6nelik haz\u0131rlad\u0131klar\u0131 &#8220;Kay\u0131p Masallar Kitab\u0131&#8221; adl\u0131 \u00e7ocuk tiyatrosuyla unutulmaz bir g\u00fcn ya\u015fatt\u0131. Renkli dekorlar ve interaktif anlat\u0131m\u0131n \u00f6ne \u00e7\u0131kt\u0131\u011f\u0131 etkinlik, miniklerden tam not ald\u0131. Ula Gen\u00e7lik ve Spor \u0130l\u00e7e M\u00fcd\u00fcrl\u00fc\u011f\u00fc b\u00fcnyesinde faaliyet g\u00f6steren ve Uluslararas\u0131 Gen\u00e7lik Merkezi g\u00f6n\u00fcll\u00fc gen\u00e7lerinden olu\u015fan tiyatro&#8230;<\/p>\n","protected":false},"author":1,"featured_media":70476,"comment_status":"open","ping_status":"open","sticky":false,"template":"","format":"standard","meta":{"_crdt_document":"","footnotes":""},"categories":[1],"tags":[],"class_list":["post-70475","post","type-post","status-publish","format-standard","has-post-thumbnail","hentry","category-guncel"],"_links":{"self":[{"href":"https:\/\/www.egemtv.com\/index.php?rest_route=\/wp\/v2\/posts\/70475","targetHints":{"allow":["GET"]}}],"collection":[{"href":"https:\/\/www.egemtv.com\/index.php?rest_route=\/wp\/v2\/posts"}],"about":[{"href":"https:\/\/www.egemtv.com\/index.php?rest_route=\/wp\/v2\/types\/post"}],"author":[{"embeddable":true,"href":"https:\/\/www.egemtv.com\/index.php?rest_route=\/wp\/v2\/users\/1"}],"replies":[{"embeddable":true,"href":"https:\/\/www.egemtv.com\/index.php?rest_route=%2Fwp%2Fv2%2Fcomments&post=70475"}],"version-history":[{"count":1,"href":"https:\/\/www.egemtv.com\/index.php?rest_route=\/wp\/v2\/posts\/70475\/revisions"}],"predecessor-version":[{"id":70477,"href":"https:\/\/www.egemtv.com\/index.php?rest_route=\/wp\/v2\/posts\/70475\/revisions\/70477"}],"wp:featuredmedia":[{"embeddable":true,"href":"https:\/\/www.egemtv.com\/index.php?rest_route=\/wp\/v2\/media\/70476"}],"wp:attachment":[{"href":"https:\/\/www.egemtv.com\/index.php?rest_route=%2Fwp%2Fv2%2Fmedia&parent=70475"}],"wp:term":[{"taxonomy":"category","embeddable":true,"href":"https:\/\/www.egemtv.com\/index.php?rest_route=%2Fwp%2Fv2%2Fcategories&post=70475"},{"taxonomy":"post_tag","embeddable":true,"href":"https:\/\/www.egemtv.com\/index.php?rest_route=%2Fwp%2Fv2%2Ftags&post=70475"}],"curies":[{"name":"wp","href":"https:\/\/api.w.org\/{rel}","templated":true}]}}