{"id":70472,"date":"2025-11-27T11:55:05","date_gmt":"2025-11-27T08:55:05","guid":{"rendered":"https:\/\/www.egemtv.com\/?p=70472"},"modified":"2025-11-27T11:55:06","modified_gmt":"2025-11-27T08:55:06","slug":"duzensiz-gocmenler-insaatta-yakalandi","status":"publish","type":"post","link":"https:\/\/www.egemtv.com\/?p=70472","title":{"rendered":"D\u00fczensiz g\u00f6\u00e7menler in\u015faatta yakaland\u0131"},"content":{"rendered":"<p>Mu\u011fla\u2019n\u0131n Bodrum il\u00e7esinden Yunan adalar\u0131na ge\u00e7i\u015f haz\u0131rl\u0131\u011f\u0131ndaki d\u00fczensiz g\u00f6\u00e7menler, in\u015faatta yakaland\u0131.<\/p>\n<p>\u00d6nceki g\u00fcn gece saatlerinde Yal\u0131kavak Mahallesi\u2019nde Yunan adalar\u0131na ge\u00e7i\u015f haz\u0131rl\u0131\u011f\u0131ndaki d\u00fczensiz g\u00f6\u00e7menlerin in\u015faatta bulundu\u011fu ihbar\u0131n\u0131 alan Sahil G\u00fcvenlik Kolluk Destek Timi (Yal\u0131kavak\/Koldestim) ve Bodrum \u0130l\u00e7e Emniyet M\u00fcd\u00fcrl\u00fc\u011f\u00fc ekipleri b\u00f6lgeye gitti. \u0130n\u015faatta 4\u2019\u00fc \u00e7ocuk 28 d\u00fczensiz g\u00f6\u00e7men yakaland\u0131. G\u00f6\u00e7menler, i\u015flemlerinin ard\u0131ndan Mu\u011fla \u0130l G\u00f6\u00e7 \u0130daresi M\u00fcd\u00fcrl\u00fc\u011f\u00fc\u2019ne g\u00f6nderildi.<br \/><\/p>\n","protected":false},"excerpt":{"rendered":"<p>Mu\u011fla\u2019n\u0131n Bodrum il\u00e7esinden Yunan adalar\u0131na ge\u00e7i\u015f haz\u0131rl\u0131\u011f\u0131ndaki d\u00fczensiz g\u00f6\u00e7menler, in\u015faatta yakaland\u0131. \u00d6nceki g\u00fcn gece saatlerinde Yal\u0131kavak Mahallesi\u2019nde Yunan adalar\u0131na ge\u00e7i\u015f haz\u0131rl\u0131\u011f\u0131ndaki d\u00fczensiz g\u00f6\u00e7menlerin in\u015faatta bulundu\u011fu ihbar\u0131n\u0131 alan Sahil G\u00fcvenlik Kolluk Destek Timi (Yal\u0131kavak\/Koldestim) ve Bodrum \u0130l\u00e7e Emniyet M\u00fcd\u00fcrl\u00fc\u011f\u00fc ekipleri b\u00f6lgeye gitti. \u0130n\u015faatta 4\u2019\u00fc \u00e7ocuk 28 d\u00fczensiz g\u00f6\u00e7men yakaland\u0131. G\u00f6\u00e7menler, i\u015flemlerinin ard\u0131ndan Mu\u011fla \u0130l G\u00f6\u00e7 \u0130daresi&#8230;<\/p>\n","protected":false},"author":1,"featured_media":70473,"comment_status":"open","ping_status":"open","sticky":false,"template":"","format":"standard","meta":{"_crdt_document":"","footnotes":""},"categories":[5],"tags":[],"class_list":["post-70472","post","type-post","status-publish","format-standard","has-post-thumbnail","hentry","category-asayis"],"_links":{"self":[{"href":"https:\/\/www.egemtv.com\/index.php?rest_route=\/wp\/v2\/posts\/70472","targetHints":{"allow":["GET"]}}],"collection":[{"href":"https:\/\/www.egemtv.com\/index.php?rest_route=\/wp\/v2\/posts"}],"about":[{"href":"https:\/\/www.egemtv.com\/index.php?rest_route=\/wp\/v2\/types\/post"}],"author":[{"embeddable":true,"href":"https:\/\/www.egemtv.com\/index.php?rest_route=\/wp\/v2\/users\/1"}],"replies":[{"embeddable":true,"href":"https:\/\/www.egemtv.com\/index.php?rest_route=%2Fwp%2Fv2%2Fcomments&post=70472"}],"version-history":[{"count":1,"href":"https:\/\/www.egemtv.com\/index.php?rest_route=\/wp\/v2\/posts\/70472\/revisions"}],"predecessor-version":[{"id":70474,"href":"https:\/\/www.egemtv.com\/index.php?rest_route=\/wp\/v2\/posts\/70472\/revisions\/70474"}],"wp:featuredmedia":[{"embeddable":true,"href":"https:\/\/www.egemtv.com\/index.php?rest_route=\/wp\/v2\/media\/70473"}],"wp:attachment":[{"href":"https:\/\/www.egemtv.com\/index.php?rest_route=%2Fwp%2Fv2%2Fmedia&parent=70472"}],"wp:term":[{"taxonomy":"category","embeddable":true,"href":"https:\/\/www.egemtv.com\/index.php?rest_route=%2Fwp%2Fv2%2Fcategories&post=70472"},{"taxonomy":"post_tag","embeddable":true,"href":"https:\/\/www.egemtv.com\/index.php?rest_route=%2Fwp%2Fv2%2Ftags&post=70472"}],"curies":[{"name":"wp","href":"https:\/\/api.w.org\/{rel}","templated":true}]}}