{"id":70469,"date":"2025-11-27T11:34:43","date_gmt":"2025-11-27T08:34:43","guid":{"rendered":"https:\/\/www.egemtv.com\/?p=70469"},"modified":"2025-11-27T11:34:44","modified_gmt":"2025-11-27T08:34:44","slug":"yunusemre-emekli-kafe-calismalari-basladi","status":"publish","type":"post","link":"https:\/\/www.egemtv.com\/?p=70469","title":{"rendered":"Yunusemre Emekli Kafe \u00e7al\u0131\u015fmalar\u0131 ba\u015flad\u0131"},"content":{"rendered":"<p>Yunusemre Belediye Ba\u015fkan\u0131 Semih Balaban\u2019\u0131n m\u00fcjdeleri aras\u0131nda yer alan Emekli Kafe i\u00e7in geri say\u0131m ba\u015flad\u0131. Laleli Mahallesi Fatih Caddesi\u2019nde bulunan alanda ger\u00e7ekle\u015ftirilen tadilat ve tamirat \u00e7al\u0131\u015fmalar\u0131n\u0131n ard\u0131ndan emekliler bu alanda rahat nefes alacak.<br \/>\n<br \/>Yunusemre Belediyesi\u2019nden emeklileri sevindirecek haber geldi. Yunusemre Belediye Ba\u015fkan\u0131 Semih Balaban\u2019\u0131n a\u00e7\u0131klamas\u0131yla g\u00fcndeme gelen Emekli Kafe\u2019de \u00e7al\u0131\u015fmalar h\u0131zl\u0131 bir \u015fekilde ba\u015flad\u0131. Emekli vatanda\u015flar\u0131n rahat bir nefes alabilecekleri alanda t\u00fcm ihtiya\u00e7lar en ince ayr\u0131nt\u0131s\u0131na kadar planlan\u0131yor. Yunusemre\u2019nin merkezi noktalar\u0131ndan biri olan Laleli Mahallesi Fatih Caddesi\u2019nde bulunan alanda tadilat ve tamirat \u00e7al\u0131\u015fmalar\u0131 ger\u00e7ekle\u015ftiriliyor. Yunusemre Belediyesi Fen \u0130\u015fleri M\u00fcd\u00fcrl\u00fc\u011f\u00fc ekiplerince ger\u00e7ekle\u015ftirilen \u00e7al\u0131\u015fmalarda emekli vatanda\u015flar\u0131n t\u00fcm ihtiya\u00e7lar\u0131 en ince ayr\u0131nt\u0131s\u0131na kadar d\u00fc\u015f\u00fcn\u00fcl\u00fcyor.<br \/>\n<br \/>Hayat boyu g\u00f6sterdikleri emeklerle \u00fclkeye katk\u0131 veren emekli vatanda\u015flar\u0131n zor g\u00fcnler ge\u00e7irdiklerini belirten Yunusemre Belediye Ba\u015fkan\u0131 Semih Balaban, belediye olarak emeklilerin rahat bir nefes alabilecekleri park tasarlad\u0131klar\u0131n\u0131 belirtti. Ba\u015fkan Balaban konu ile ilgili olarak yapt\u0131\u011f\u0131 a\u00e7\u0131klamada \u015fu ifadelere yer verdi: &#8220;Emekli Kafemizi Laleli Mahallesi\u2019nde hayata ge\u00e7iriyoruz. Fen \u0130\u015fleri M\u00fcd\u00fcrl\u00fc\u011f\u00fc ekiplerimiz \u015fu an yo\u011fun \u00e7aba harc\u0131yor. Emekli vatanda\u015flar\u0131m\u0131z\u0131n t\u00fcm ihtiya\u00e7lar\u0131n\u0131n d\u00fc\u015f\u00fcn\u00fcld\u00fc\u011f\u00fc kafede \u00e7ay ve su 5 lira, kahve 10 lira, tost 25 lira olacak. Emeklilerimiz orada okeyini de, tavlas\u0131n\u0131 da oynayacak, sohbetler edecek. Emekliler cenneti olacak kafemizi ve bah\u00e7esini en h\u0131zl\u0131 \u015fekilde tamamlayarak hayata ge\u00e7irece\u011fiz.&#8221;<br \/><\/p>\n","protected":false},"excerpt":{"rendered":"<p>Yunusemre Belediye Ba\u015fkan\u0131 Semih Balaban\u2019\u0131n m\u00fcjdeleri aras\u0131nda yer alan Emekli Kafe i\u00e7in geri say\u0131m ba\u015flad\u0131. Laleli Mahallesi Fatih Caddesi\u2019nde bulunan alanda ger\u00e7ekle\u015ftirilen tadilat ve tamirat \u00e7al\u0131\u015fmalar\u0131n\u0131n ard\u0131ndan emekliler bu alanda rahat nefes alacak. Yunusemre Belediyesi\u2019nden emeklileri sevindirecek haber geldi. Yunusemre Belediye Ba\u015fkan\u0131 Semih Balaban\u2019\u0131n a\u00e7\u0131klamas\u0131yla g\u00fcndeme gelen Emekli Kafe\u2019de \u00e7al\u0131\u015fmalar h\u0131zl\u0131 bir \u015fekilde ba\u015flad\u0131. Emekli&#8230;<\/p>\n","protected":false},"author":1,"featured_media":70470,"comment_status":"open","ping_status":"open","sticky":false,"template":"","format":"standard","meta":{"_crdt_document":"","footnotes":""},"categories":[1],"tags":[],"class_list":["post-70469","post","type-post","status-publish","format-standard","has-post-thumbnail","hentry","category-guncel"],"_links":{"self":[{"href":"https:\/\/www.egemtv.com\/index.php?rest_route=\/wp\/v2\/posts\/70469","targetHints":{"allow":["GET"]}}],"collection":[{"href":"https:\/\/www.egemtv.com\/index.php?rest_route=\/wp\/v2\/posts"}],"about":[{"href":"https:\/\/www.egemtv.com\/index.php?rest_route=\/wp\/v2\/types\/post"}],"author":[{"embeddable":true,"href":"https:\/\/www.egemtv.com\/index.php?rest_route=\/wp\/v2\/users\/1"}],"replies":[{"embeddable":true,"href":"https:\/\/www.egemtv.com\/index.php?rest_route=%2Fwp%2Fv2%2Fcomments&post=70469"}],"version-history":[{"count":1,"href":"https:\/\/www.egemtv.com\/index.php?rest_route=\/wp\/v2\/posts\/70469\/revisions"}],"predecessor-version":[{"id":70471,"href":"https:\/\/www.egemtv.com\/index.php?rest_route=\/wp\/v2\/posts\/70469\/revisions\/70471"}],"wp:featuredmedia":[{"embeddable":true,"href":"https:\/\/www.egemtv.com\/index.php?rest_route=\/wp\/v2\/media\/70470"}],"wp:attachment":[{"href":"https:\/\/www.egemtv.com\/index.php?rest_route=%2Fwp%2Fv2%2Fmedia&parent=70469"}],"wp:term":[{"taxonomy":"category","embeddable":true,"href":"https:\/\/www.egemtv.com\/index.php?rest_route=%2Fwp%2Fv2%2Fcategories&post=70469"},{"taxonomy":"post_tag","embeddable":true,"href":"https:\/\/www.egemtv.com\/index.php?rest_route=%2Fwp%2Fv2%2Ftags&post=70469"}],"curies":[{"name":"wp","href":"https:\/\/api.w.org\/{rel}","templated":true}]}}