{"id":70466,"date":"2025-11-27T11:34:42","date_gmt":"2025-11-27T08:34:42","guid":{"rendered":"https:\/\/www.egemtv.com\/?p=70466"},"modified":"2025-11-27T11:34:43","modified_gmt":"2025-11-27T08:34:43","slug":"kusadasinda-kadinlara-yakin-savunma-teknikleri-egitimi-verildi","status":"publish","type":"post","link":"https:\/\/www.egemtv.com\/?p=70466","title":{"rendered":"Ku\u015fadas\u0131\u2019nda kad\u0131nlara \u2018Yak\u0131n Savunma Teknikleri\u2019 e\u011fitimi verildi"},"content":{"rendered":"<p>Ku\u015fadas\u0131 Tenis Kul\u00fcb\u00fc, 25 Kas\u0131m Kad\u0131na Y\u00f6nelik \u015eiddetle M\u00fccadele G\u00fcn\u00fc kapsam\u0131nda \u2018yak\u0131n savunma teknikleri\u2019 e\u011fitimine ev sahipli\u011fi yapt\u0131. Etkinlikte Antren\u00f6r Sedanur Ediz S\u00fcr\u00fcp taraf\u0131ndan kad\u0131nlara, fiziksel \u015fiddete kar\u015f\u0131 kendilerini nas\u0131l savunacaklar\u0131 g\u00f6sterildi.<\/p>\n<p>Ku\u015fadas\u0131 Belediyesi taraf\u0131ndan kente kazand\u0131r\u0131lan Ku\u015fadas\u0131 Tenis Kul\u00fcb\u00fc\u2019nde kad\u0131nlar i\u00e7in \u2018Yak\u0131n savunma teknikleri\u2019 e\u011fitimi d\u00fczenlendi. E\u011fitimde Antren\u00f6r Sedanur Ediz S\u00fcr\u00fcp, kat\u0131l\u0131mc\u0131lara \u00f6nce kendini savunma hakk\u0131 ile ilgili bilgi verdi, daha sonra da muhtemel fiziksel \u015fiddete kar\u015f\u0131 koyma becerilerinin neler oldu\u011funu g\u00f6sterdi. Son b\u00f6l\u00fcmdeyse kad\u0131nlar\u0131n tehdit an\u0131nda so\u011fukkanl\u0131 kalabilme, do\u011fru refleksi geli\u015ftirme, stratejik d\u00fc\u015f\u00fcnme ve bask\u0131 alt\u0131nda karar verme gibi yetiler kazanabilmeleri i\u00e7in yapmalar\u0131 gerekenleri anlatt\u0131.<\/p>\n<p>T\u00fcrkiye\u2019de kad\u0131nlar\u0131n yak\u0131n savunma e\u011fitimi almalar\u0131n\u0131n \u00e7ok \u00f6nemli oldu\u011funu belirten Antren\u00f6r Sedanur Ediz S\u00fcr\u00fcp, &#8220;\u00d6ncelikle bu e\u011fitimin amac\u0131 kesinlikle kar\u015f\u0131 tarafa zarar vermek de\u011fil, sadece sald\u0131rgan\u0131 etkisiz hale getirmek. Verdi\u011fimiz e\u011fitimle bir kad\u0131n\u0131n bile hayatta kalmas\u0131na destek olabiliyorsak ne mutlu bize. Bu e\u011fitimi Ku\u015fadas\u0131\u2019nda 3 ay boyunca s\u00fcrd\u00fcrmeyi hedefliyoruz&#8221; diye konu\u015ftu.<br \/><\/p>\n","protected":false},"excerpt":{"rendered":"<p>Ku\u015fadas\u0131 Tenis Kul\u00fcb\u00fc, 25 Kas\u0131m Kad\u0131na Y\u00f6nelik \u015eiddetle M\u00fccadele G\u00fcn\u00fc kapsam\u0131nda \u2018yak\u0131n savunma teknikleri\u2019 e\u011fitimine ev sahipli\u011fi yapt\u0131. Etkinlikte Antren\u00f6r Sedanur Ediz S\u00fcr\u00fcp taraf\u0131ndan kad\u0131nlara, fiziksel \u015fiddete kar\u015f\u0131 kendilerini nas\u0131l savunacaklar\u0131 g\u00f6sterildi. Ku\u015fadas\u0131 Belediyesi taraf\u0131ndan kente kazand\u0131r\u0131lan Ku\u015fadas\u0131 Tenis Kul\u00fcb\u00fc\u2019nde kad\u0131nlar i\u00e7in \u2018Yak\u0131n savunma teknikleri\u2019 e\u011fitimi d\u00fczenlendi. E\u011fitimde Antren\u00f6r Sedanur Ediz S\u00fcr\u00fcp, kat\u0131l\u0131mc\u0131lara \u00f6nce kendini&#8230;<\/p>\n","protected":false},"author":1,"featured_media":70467,"comment_status":"open","ping_status":"open","sticky":false,"template":"","format":"standard","meta":{"_crdt_document":"","footnotes":""},"categories":[4],"tags":[],"class_list":["post-70466","post","type-post","status-publish","format-standard","has-post-thumbnail","hentry","category-spor"],"_links":{"self":[{"href":"https:\/\/www.egemtv.com\/index.php?rest_route=\/wp\/v2\/posts\/70466","targetHints":{"allow":["GET"]}}],"collection":[{"href":"https:\/\/www.egemtv.com\/index.php?rest_route=\/wp\/v2\/posts"}],"about":[{"href":"https:\/\/www.egemtv.com\/index.php?rest_route=\/wp\/v2\/types\/post"}],"author":[{"embeddable":true,"href":"https:\/\/www.egemtv.com\/index.php?rest_route=\/wp\/v2\/users\/1"}],"replies":[{"embeddable":true,"href":"https:\/\/www.egemtv.com\/index.php?rest_route=%2Fwp%2Fv2%2Fcomments&post=70466"}],"version-history":[{"count":1,"href":"https:\/\/www.egemtv.com\/index.php?rest_route=\/wp\/v2\/posts\/70466\/revisions"}],"predecessor-version":[{"id":70468,"href":"https:\/\/www.egemtv.com\/index.php?rest_route=\/wp\/v2\/posts\/70466\/revisions\/70468"}],"wp:featuredmedia":[{"embeddable":true,"href":"https:\/\/www.egemtv.com\/index.php?rest_route=\/wp\/v2\/media\/70467"}],"wp:attachment":[{"href":"https:\/\/www.egemtv.com\/index.php?rest_route=%2Fwp%2Fv2%2Fmedia&parent=70466"}],"wp:term":[{"taxonomy":"category","embeddable":true,"href":"https:\/\/www.egemtv.com\/index.php?rest_route=%2Fwp%2Fv2%2Fcategories&post=70466"},{"taxonomy":"post_tag","embeddable":true,"href":"https:\/\/www.egemtv.com\/index.php?rest_route=%2Fwp%2Fv2%2Ftags&post=70466"}],"curies":[{"name":"wp","href":"https:\/\/api.w.org\/{rel}","templated":true}]}}