{"id":70463,"date":"2025-11-27T11:15:12","date_gmt":"2025-11-27T08:15:12","guid":{"rendered":"https:\/\/www.egemtv.com\/?p=70463"},"modified":"2025-11-27T11:15:13","modified_gmt":"2025-11-27T08:15:13","slug":"cineli-umreciler-kutsal-topraklara-ugurlandi","status":"publish","type":"post","link":"https:\/\/www.egemtv.com\/?p=70463","title":{"rendered":"\u00c7ineli umreciler kutsal topraklara u\u011furland\u0131"},"content":{"rendered":"<p>Diyanet \u0130\u015fleri Ba\u015fkanl\u0131\u011f\u0131\u2019n\u0131n 2025-2026 Umre Organizasyonu kapsam\u0131nda Ayd\u0131n\u2019\u0131n \u00c7ine il\u00e7esinden 90 ki\u015filik kafile, Merkez So\u011fanc\u0131lar Camii\u2019nde d\u00fczenlenen programla kutsal topraklara u\u011furland\u0131.<\/p>\n<p>Programa \u0130l\u00e7e M\u00fcft\u00fcs\u00fc Yahya Of\u015fin, Ko\u00e7arl\u0131 \u0130l\u00e7e M\u00fcft\u00fcs\u00fc Kaz\u0131m \u00dcnsal, din g\u00f6revlileri ve \u00e7ok say\u0131da vatanda\u015f kat\u0131ld\u0131. Duygusal anlar\u0131n ya\u015fand\u0131\u011f\u0131 programda konu\u015fan \u0130l\u00e7e M\u00fcft\u00fcs\u00fc Yahya Of\u015fin; umreye giden vatanda\u015flara hay\u0131rl\u0131 bir ibadet s\u00fcreci diledi. Manevi yolculu\u011fun \u00f6nemine dikkat \u00e7eken \u0130l\u00e7e M\u00fcft\u00fcs\u00fc Of\u015fin umre ibadetinin \u00f6neminden bahsederek, &#8220;Rabbim bu kutsal yolculu\u011funuzu kabul eylesin. \u00dclkemiz, \u0130slam alemi ve t\u00fcm insanl\u0131k i\u00e7in dualar edin. Rabbim, sa\u011fl\u0131kla gidip sa\u011fl\u0131kla d\u00f6nmeyi nasip etsin&#8221; ifadelerini kulland\u0131.<\/p>\n<p>Umreciler Ko\u00e7arl\u0131 \u0130l\u00e7e M\u00fcft\u00fcs\u00fc Kaz\u0131m \u00dcnsal\u2019\u0131n yapt\u0131\u011f\u0131 dualarla kutsal topraklara yolcu edildi.<br \/><\/p>\n","protected":false},"excerpt":{"rendered":"<p>Diyanet \u0130\u015fleri Ba\u015fkanl\u0131\u011f\u0131\u2019n\u0131n 2025-2026 Umre Organizasyonu kapsam\u0131nda Ayd\u0131n\u2019\u0131n \u00c7ine il\u00e7esinden 90 ki\u015filik kafile, Merkez So\u011fanc\u0131lar Camii\u2019nde d\u00fczenlenen programla kutsal topraklara u\u011furland\u0131. Programa \u0130l\u00e7e M\u00fcft\u00fcs\u00fc Yahya Of\u015fin, Ko\u00e7arl\u0131 \u0130l\u00e7e M\u00fcft\u00fcs\u00fc Kaz\u0131m \u00dcnsal, din g\u00f6revlileri ve \u00e7ok say\u0131da vatanda\u015f kat\u0131ld\u0131. Duygusal anlar\u0131n ya\u015fand\u0131\u011f\u0131 programda konu\u015fan \u0130l\u00e7e M\u00fcft\u00fcs\u00fc Yahya Of\u015fin; umreye giden vatanda\u015flara hay\u0131rl\u0131 bir ibadet s\u00fcreci diledi&#8230;.<\/p>\n","protected":false},"author":1,"featured_media":70464,"comment_status":"open","ping_status":"open","sticky":false,"template":"","format":"standard","meta":{"_crdt_document":"","footnotes":""},"categories":[1],"tags":[],"class_list":["post-70463","post","type-post","status-publish","format-standard","has-post-thumbnail","hentry","category-guncel"],"_links":{"self":[{"href":"https:\/\/www.egemtv.com\/index.php?rest_route=\/wp\/v2\/posts\/70463","targetHints":{"allow":["GET"]}}],"collection":[{"href":"https:\/\/www.egemtv.com\/index.php?rest_route=\/wp\/v2\/posts"}],"about":[{"href":"https:\/\/www.egemtv.com\/index.php?rest_route=\/wp\/v2\/types\/post"}],"author":[{"embeddable":true,"href":"https:\/\/www.egemtv.com\/index.php?rest_route=\/wp\/v2\/users\/1"}],"replies":[{"embeddable":true,"href":"https:\/\/www.egemtv.com\/index.php?rest_route=%2Fwp%2Fv2%2Fcomments&post=70463"}],"version-history":[{"count":1,"href":"https:\/\/www.egemtv.com\/index.php?rest_route=\/wp\/v2\/posts\/70463\/revisions"}],"predecessor-version":[{"id":70465,"href":"https:\/\/www.egemtv.com\/index.php?rest_route=\/wp\/v2\/posts\/70463\/revisions\/70465"}],"wp:featuredmedia":[{"embeddable":true,"href":"https:\/\/www.egemtv.com\/index.php?rest_route=\/wp\/v2\/media\/70464"}],"wp:attachment":[{"href":"https:\/\/www.egemtv.com\/index.php?rest_route=%2Fwp%2Fv2%2Fmedia&parent=70463"}],"wp:term":[{"taxonomy":"category","embeddable":true,"href":"https:\/\/www.egemtv.com\/index.php?rest_route=%2Fwp%2Fv2%2Fcategories&post=70463"},{"taxonomy":"post_tag","embeddable":true,"href":"https:\/\/www.egemtv.com\/index.php?rest_route=%2Fwp%2Fv2%2Ftags&post=70463"}],"curies":[{"name":"wp","href":"https:\/\/api.w.org\/{rel}","templated":true}]}}