{"id":70460,"date":"2025-11-27T11:15:11","date_gmt":"2025-11-27T08:15:11","guid":{"rendered":"https:\/\/www.egemtv.com\/?p=70460"},"modified":"2025-11-27T11:15:12","modified_gmt":"2025-11-27T08:15:12","slug":"pinarli-tabiat-parki-khgbye-devredildi","status":"publish","type":"post","link":"https:\/\/www.egemtv.com\/?p=70460","title":{"rendered":"P\u0131narl\u0131 Tabiat Park\u0131 KHGB\u2019ye devredildi"},"content":{"rendered":"<p>Afyonkarahisar\u2019\u0131n Dinar il\u00e7esinde P\u0131narl\u0131 Tabiat Park\u0131\u2019nda hizmet kalitesinin art\u0131r\u0131lmas\u0131, do\u011fal alanlar\u0131n korunarak daha d\u00fczenli bir \u015fekilde kullan\u0131lmas\u0131 amac\u0131yla Do\u011fa Koruma ve Milli Parklar (DKMP) B\u00f6lge M\u00fcd\u00fcrl\u00fc\u011f\u00fc ile Dinar Kaymakaml\u0131\u011f\u0131 K\u00f6ylere Hizmet G\u00f6t\u00fcrme Birli\u011fi (KHGB) aras\u0131nda s\u00f6zle\u015fme imzaland\u0131.<br \/>\n<br \/>S\u00f6zle\u015fme imza t\u00f6renine Kaymakam Hasan U\u011fuz, DKMP B\u00f6lge M\u00fcd\u00fcr\u00fc Kemal Can, Afyonkarahisar DKMP M\u00fcd\u00fcr\u00fc Okan Y\u0131lmaz, Sand\u0131kl\u0131 DKMP \u015eefi H\u00fcseyin Akyol kat\u0131ld\u0131.  S\u00f6zle\u015fme ile Dinar KHGB b\u00fcnyesinde ve kontrol\u00fcnde olacak olan P\u0131narl\u0131 Tabiat Park\u0131\u2019n\u0131n daha d\u00fczenli, kontroll\u00fc ve hizmet kapasitesi art\u0131r\u0131lm\u0131\u015f bir \u015fekilde vatanda\u015flara kullandirulmas\u0131n\u0131n hedeflendi\u011fi belirtildi.<br \/><\/p>\n","protected":false},"excerpt":{"rendered":"<p>Afyonkarahisar\u2019\u0131n Dinar il\u00e7esinde P\u0131narl\u0131 Tabiat Park\u0131\u2019nda hizmet kalitesinin art\u0131r\u0131lmas\u0131, do\u011fal alanlar\u0131n korunarak daha d\u00fczenli bir \u015fekilde kullan\u0131lmas\u0131 amac\u0131yla Do\u011fa Koruma ve Milli Parklar (DKMP) B\u00f6lge M\u00fcd\u00fcrl\u00fc\u011f\u00fc ile Dinar Kaymakaml\u0131\u011f\u0131 K\u00f6ylere Hizmet G\u00f6t\u00fcrme Birli\u011fi (KHGB) aras\u0131nda s\u00f6zle\u015fme imzaland\u0131. S\u00f6zle\u015fme imza t\u00f6renine Kaymakam Hasan U\u011fuz, DKMP B\u00f6lge M\u00fcd\u00fcr\u00fc Kemal Can, Afyonkarahisar DKMP M\u00fcd\u00fcr\u00fc Okan Y\u0131lmaz, Sand\u0131kl\u0131 DKMP&#8230;<\/p>\n","protected":false},"author":1,"featured_media":70461,"comment_status":"open","ping_status":"open","sticky":false,"template":"","format":"standard","meta":{"_crdt_document":"","footnotes":""},"categories":[1],"tags":[],"class_list":["post-70460","post","type-post","status-publish","format-standard","has-post-thumbnail","hentry","category-guncel"],"_links":{"self":[{"href":"https:\/\/www.egemtv.com\/index.php?rest_route=\/wp\/v2\/posts\/70460","targetHints":{"allow":["GET"]}}],"collection":[{"href":"https:\/\/www.egemtv.com\/index.php?rest_route=\/wp\/v2\/posts"}],"about":[{"href":"https:\/\/www.egemtv.com\/index.php?rest_route=\/wp\/v2\/types\/post"}],"author":[{"embeddable":true,"href":"https:\/\/www.egemtv.com\/index.php?rest_route=\/wp\/v2\/users\/1"}],"replies":[{"embeddable":true,"href":"https:\/\/www.egemtv.com\/index.php?rest_route=%2Fwp%2Fv2%2Fcomments&post=70460"}],"version-history":[{"count":1,"href":"https:\/\/www.egemtv.com\/index.php?rest_route=\/wp\/v2\/posts\/70460\/revisions"}],"predecessor-version":[{"id":70462,"href":"https:\/\/www.egemtv.com\/index.php?rest_route=\/wp\/v2\/posts\/70460\/revisions\/70462"}],"wp:featuredmedia":[{"embeddable":true,"href":"https:\/\/www.egemtv.com\/index.php?rest_route=\/wp\/v2\/media\/70461"}],"wp:attachment":[{"href":"https:\/\/www.egemtv.com\/index.php?rest_route=%2Fwp%2Fv2%2Fmedia&parent=70460"}],"wp:term":[{"taxonomy":"category","embeddable":true,"href":"https:\/\/www.egemtv.com\/index.php?rest_route=%2Fwp%2Fv2%2Fcategories&post=70460"},{"taxonomy":"post_tag","embeddable":true,"href":"https:\/\/www.egemtv.com\/index.php?rest_route=%2Fwp%2Fv2%2Ftags&post=70460"}],"curies":[{"name":"wp","href":"https:\/\/api.w.org\/{rel}","templated":true}]}}