{"id":70457,"date":"2025-11-27T11:15:10","date_gmt":"2025-11-27T08:15:10","guid":{"rendered":"https:\/\/www.egemtv.com\/?p=70457"},"modified":"2025-11-27T11:15:11","modified_gmt":"2025-11-27T08:15:11","slug":"gediz-murat-daginda-genclik-bulusmasi","status":"publish","type":"post","link":"https:\/\/www.egemtv.com\/?p=70457","title":{"rendered":"Gediz Murat Da\u011f\u0131\u2019nda gen\u00e7lik bulu\u015fmas\u0131"},"content":{"rendered":"<p>Gen\u00e7lik ve Spor Bakanl\u0131\u011f\u0131na ba\u011fl\u0131 Gediz il\u00e7esindeki Murat Da\u011f\u0131 kamp alan\u0131nda misafir edilen \u0130stanbul Marmara Proje Anadolu \u0130mam Hatip Lisesi \u00f6\u011frencileri i\u00e7in K\u00fctahya \u0130l M\u00fcft\u00fcl\u00fc\u011f\u00fc taraf\u0131ndan gen\u00e7lik bulu\u015fmas\u0131 ve kahvalt\u0131 etkinli\u011fi d\u00fczenlendi.<br \/>\n<br \/>\u0130l M\u00fcft\u00fcl\u00fc\u011f\u00fcn\u00fcn ev sahipli\u011finde ger\u00e7ekle\u015ftirilen etkinlik, gen\u00e7lerin kamp s\u00fcrecindeki birlik, karde\u015flik ve dayan\u0131\u015fma duygular\u0131n\u0131 g\u00fc\u00e7lendirmeyi ama\u00e7lad\u0131. Murat Da\u011f\u0131\u2019n\u0131n do\u011fal ve huzurlu atmosferinde ger\u00e7ekle\u015fen bulu\u015fma, \u00f6\u011frencilerin sosyal, k\u00fclt\u00fcrel ve manevi etkile\u015fimlerine \u00f6nemli katk\u0131 sa\u011flad\u0131.<br \/>\n<br \/>K\u00fctahya Gen\u00e7lik ve Spor \u0130l M\u00fcd\u00fcr\u00fc B\u00fclent K\u00fc\u00e7\u00fck, etkinli\u011fin gen\u00e7lerin geli\u015fimine sundu\u011fu katk\u0131ya dikkat \u00e7ekerek, &#8220;Gen\u00e7lerimizin her alanda geli\u015fimini desteklemek, onlar\u0131 g\u00fcvenli, sa\u011fl\u0131kl\u0131 ve de\u011fer odakl\u0131 ortamlarda bulu\u015fturmak i\u00e7in \u00e7al\u0131\u015fmalar\u0131m\u0131z\u0131 aral\u0131ks\u0131z s\u00fcrd\u00fcr\u00fcyoruz. Etkinli\u011fi d\u00fczenleyen \u0130l M\u00fcft\u00fcl\u00fc\u011f\u00fcne \u00e7ok te\u015fekk\u00fcr ediyorum&#8221; dedi.<br \/><\/p>\n","protected":false},"excerpt":{"rendered":"<p>Gen\u00e7lik ve Spor Bakanl\u0131\u011f\u0131na ba\u011fl\u0131 Gediz il\u00e7esindeki Murat Da\u011f\u0131 kamp alan\u0131nda misafir edilen \u0130stanbul Marmara Proje Anadolu \u0130mam Hatip Lisesi \u00f6\u011frencileri i\u00e7in K\u00fctahya \u0130l M\u00fcft\u00fcl\u00fc\u011f\u00fc taraf\u0131ndan gen\u00e7lik bulu\u015fmas\u0131 ve kahvalt\u0131 etkinli\u011fi d\u00fczenlendi. \u0130l M\u00fcft\u00fcl\u00fc\u011f\u00fcn\u00fcn ev sahipli\u011finde ger\u00e7ekle\u015ftirilen etkinlik, gen\u00e7lerin kamp s\u00fcrecindeki birlik, karde\u015flik ve dayan\u0131\u015fma duygular\u0131n\u0131 g\u00fc\u00e7lendirmeyi ama\u00e7lad\u0131. Murat Da\u011f\u0131\u2019n\u0131n do\u011fal ve huzurlu atmosferinde ger\u00e7ekle\u015fen&#8230;<\/p>\n","protected":false},"author":1,"featured_media":70458,"comment_status":"open","ping_status":"open","sticky":false,"template":"","format":"standard","meta":{"_crdt_document":"","footnotes":""},"categories":[123],"tags":[],"class_list":["post-70457","post","type-post","status-publish","format-standard","has-post-thumbnail","hentry","category-gundem"],"_links":{"self":[{"href":"https:\/\/www.egemtv.com\/index.php?rest_route=\/wp\/v2\/posts\/70457","targetHints":{"allow":["GET"]}}],"collection":[{"href":"https:\/\/www.egemtv.com\/index.php?rest_route=\/wp\/v2\/posts"}],"about":[{"href":"https:\/\/www.egemtv.com\/index.php?rest_route=\/wp\/v2\/types\/post"}],"author":[{"embeddable":true,"href":"https:\/\/www.egemtv.com\/index.php?rest_route=\/wp\/v2\/users\/1"}],"replies":[{"embeddable":true,"href":"https:\/\/www.egemtv.com\/index.php?rest_route=%2Fwp%2Fv2%2Fcomments&post=70457"}],"version-history":[{"count":1,"href":"https:\/\/www.egemtv.com\/index.php?rest_route=\/wp\/v2\/posts\/70457\/revisions"}],"predecessor-version":[{"id":70459,"href":"https:\/\/www.egemtv.com\/index.php?rest_route=\/wp\/v2\/posts\/70457\/revisions\/70459"}],"wp:featuredmedia":[{"embeddable":true,"href":"https:\/\/www.egemtv.com\/index.php?rest_route=\/wp\/v2\/media\/70458"}],"wp:attachment":[{"href":"https:\/\/www.egemtv.com\/index.php?rest_route=%2Fwp%2Fv2%2Fmedia&parent=70457"}],"wp:term":[{"taxonomy":"category","embeddable":true,"href":"https:\/\/www.egemtv.com\/index.php?rest_route=%2Fwp%2Fv2%2Fcategories&post=70457"},{"taxonomy":"post_tag","embeddable":true,"href":"https:\/\/www.egemtv.com\/index.php?rest_route=%2Fwp%2Fv2%2Ftags&post=70457"}],"curies":[{"name":"wp","href":"https:\/\/api.w.org\/{rel}","templated":true}]}}