{"id":70454,"date":"2025-11-27T11:15:10","date_gmt":"2025-11-27T08:15:10","guid":{"rendered":"https:\/\/www.egemtv.com\/?p=70454"},"modified":"2025-11-27T11:15:10","modified_gmt":"2025-11-27T08:15:10","slug":"altintas-zafer-ilkokulunda-ozel-ogrencilerin-sabah-sporu-coskusu","status":"publish","type":"post","link":"https:\/\/www.egemtv.com\/?p=70454","title":{"rendered":"Alt\u0131nta\u015f Zafer \u0130lkokulu\u2019nda \u00f6zel \u00f6\u011frencilerin sabah sporu co\u015fkusu"},"content":{"rendered":"<p>K\u00fctahya\u2019n\u0131n Alt\u0131nta\u015f il\u00e7esindeki Zafer \u0130lkokulu, &#8220;Mutlu \u00c7ar\u015famba&#8221; isimli projesi kapsam\u0131nda \u00f6zel \u00f6\u011frenciler sabah sporunda bir araya geldi.<br \/>\n<br \/>Gen\u00e7lik ve Spor Bakanl\u0131\u011f\u0131 ile Milli E\u011fitim Bakanl\u0131\u011f\u0131 i\u015f birli\u011fiyle y\u00fcr\u00fct\u00fclen proje, okulun \u00d6zel E\u011fitim S\u0131n\u0131f\u0131 \u00f6\u011frencilerini hem hareketin hem de dayan\u0131\u015fman\u0131n s\u0131cak halkas\u0131nda bulu\u015fturdu. \u00d6\u011frenciler, \u00f6\u011fretmenlerin rehberli\u011finde hem spor yapt\u0131lar, hem de birbirlerine olan desteklerini b\u00fcy\u00fctt\u00fcler. Hareket ettik\u00e7e g\u00fc\u00e7lendiler, g\u00fc\u00e7lendik\u00e7e mutlu oldular. &#8220;Mutlu \u00c7ar\u015famba&#8221; isimli projenin T\u00fcrkiye Y\u00fczy\u0131l\u0131 Maarif Modeli\u2019nin b\u00fct\u00fcnc\u00fcl e\u011fitim anlay\u0131\u015f\u0131 do\u011frultusunda yaln\u0131zca fiziksel geli\u015fime de\u011fil, \u00f6\u011frencilerin duygusal dayan\u0131kl\u0131l\u0131\u011f\u0131na da katk\u0131 sa\u011flad\u0131\u011f\u0131n\u0131 s\u00f6yleyen Okul M\u00fcd\u00fcr\u00fc Serdar Ta\u015fo\u011flu, &#8220;\u00d6\u011frenciler sporla nefeslenirken, birlikte olman\u0131n g\u00fc\u00e7l\u00fc ritmini de yeniden ke\u015ffetti. Projemizin \u00f6\u011frenciler \u00fczerindeki olumlu etkileri her hafta daha g\u00f6r\u00fcn\u00fcr h\u00e2le gelmektedir&#8221; dedi.<br \/><\/p>\n","protected":false},"excerpt":{"rendered":"<p>K\u00fctahya\u2019n\u0131n Alt\u0131nta\u015f il\u00e7esindeki Zafer \u0130lkokulu, &#8220;Mutlu \u00c7ar\u015famba&#8221; isimli projesi kapsam\u0131nda \u00f6zel \u00f6\u011frenciler sabah sporunda bir araya geldi. Gen\u00e7lik ve Spor Bakanl\u0131\u011f\u0131 ile Milli E\u011fitim Bakanl\u0131\u011f\u0131 i\u015f birli\u011fiyle y\u00fcr\u00fct\u00fclen proje, okulun \u00d6zel E\u011fitim S\u0131n\u0131f\u0131 \u00f6\u011frencilerini hem hareketin hem de dayan\u0131\u015fman\u0131n s\u0131cak halkas\u0131nda bulu\u015fturdu. \u00d6\u011frenciler, \u00f6\u011fretmenlerin rehberli\u011finde hem spor yapt\u0131lar, hem de birbirlerine olan desteklerini b\u00fcy\u00fctt\u00fcler. Hareket&#8230;<\/p>\n","protected":false},"author":1,"featured_media":70455,"comment_status":"open","ping_status":"open","sticky":false,"template":"","format":"standard","meta":{"_crdt_document":"","footnotes":""},"categories":[2],"tags":[],"class_list":["post-70454","post","type-post","status-publish","format-standard","has-post-thumbnail","hentry","category-saglik"],"_links":{"self":[{"href":"https:\/\/www.egemtv.com\/index.php?rest_route=\/wp\/v2\/posts\/70454","targetHints":{"allow":["GET"]}}],"collection":[{"href":"https:\/\/www.egemtv.com\/index.php?rest_route=\/wp\/v2\/posts"}],"about":[{"href":"https:\/\/www.egemtv.com\/index.php?rest_route=\/wp\/v2\/types\/post"}],"author":[{"embeddable":true,"href":"https:\/\/www.egemtv.com\/index.php?rest_route=\/wp\/v2\/users\/1"}],"replies":[{"embeddable":true,"href":"https:\/\/www.egemtv.com\/index.php?rest_route=%2Fwp%2Fv2%2Fcomments&post=70454"}],"version-history":[{"count":1,"href":"https:\/\/www.egemtv.com\/index.php?rest_route=\/wp\/v2\/posts\/70454\/revisions"}],"predecessor-version":[{"id":70456,"href":"https:\/\/www.egemtv.com\/index.php?rest_route=\/wp\/v2\/posts\/70454\/revisions\/70456"}],"wp:featuredmedia":[{"embeddable":true,"href":"https:\/\/www.egemtv.com\/index.php?rest_route=\/wp\/v2\/media\/70455"}],"wp:attachment":[{"href":"https:\/\/www.egemtv.com\/index.php?rest_route=%2Fwp%2Fv2%2Fmedia&parent=70454"}],"wp:term":[{"taxonomy":"category","embeddable":true,"href":"https:\/\/www.egemtv.com\/index.php?rest_route=%2Fwp%2Fv2%2Fcategories&post=70454"},{"taxonomy":"post_tag","embeddable":true,"href":"https:\/\/www.egemtv.com\/index.php?rest_route=%2Fwp%2Fv2%2Ftags&post=70454"}],"curies":[{"name":"wp","href":"https:\/\/api.w.org\/{rel}","templated":true}]}}