{"id":70451,"date":"2025-11-27T11:15:09","date_gmt":"2025-11-27T08:15:09","guid":{"rendered":"https:\/\/www.egemtv.com\/?p=70451"},"modified":"2025-11-27T11:15:10","modified_gmt":"2025-11-27T08:15:10","slug":"zirai-don-desteklemeleri-ciftciye-can-simidi-oldu","status":"publish","type":"post","link":"https:\/\/www.egemtv.com\/?p=70451","title":{"rendered":"Zirai don desteklemeleri \u00e7ift\u00e7iye can simidi oldu"},"content":{"rendered":"<p>K\u00fctahya\u2019n\u0131n Pazarlar \u0130l\u00e7esinde Zirai don nedeniyle \u00fcr\u00fcnleri hasar g\u00f6ren \u00c7ift\u00e7i Kay\u0131t Sistemi\u2019ne (\u00c7KS) kay\u0131tl\u0131 \u00fcreticilere 41 milyon lira destek \u00f6demesinin yap\u0131ld\u0131\u011f\u0131 bildirildi.<br \/>\n<br \/>Bu Konuda a\u00e7\u0131klama yapan Pazarlar Ziraat Odas\u0131 Ba\u015fkan\u0131 Mehmet Ali Aydo\u011fan, &#8220;2025 y\u0131l\u0131nda meydana gelen Zirai don nedeniyle \u00fcr\u00fcnleri hasan g\u00f6ren ve Tar\u0131m sigortas\u0131 olmayan \u00c7ift\u00e7i Kay\u0131t Sistemine (\u00c7KS) kay\u0131tl\u0131 850 \u00e7ift\u00e7ilerimize 41 milyon lira destekleme \u00f6demesi yap\u0131ld\u0131. \u0130l\u00e7emiz \u00e7ift\u00e7isinin ge\u00e7im kayna\u011f\u0131 meyveciliktir. \u00c7ift\u00e7imizin \u00fcr\u00fcnlerine don vurunca meyveler yakla\u015f\u0131k y\u00fczde 80, y\u00fczde 90 zarar g\u00f6rd\u00fc. \u00c7ift\u00e7ilerimize yap\u0131lan Zirai Don desteklemeleri adeta can simidi oldu&#8221; dedi.<br \/>\n<br \/>Ba\u015fkan Aydo\u011fan, &#8220;\u0130\u00e7 Ege\u2019nin Meyve Ambar\u0131 olan il\u00e7emizde Zira don b\u00fcy\u00fck hasara yol a\u00e7m\u0131\u015ft\u0131. \u0130l\u00e7emizdeki kiraz ve vi\u015fne bah\u00e7eleri ciddi zarar g\u00f6rm\u00fc\u015f, \u00f6zellikle k\u00fc\u00e7\u00fck ve orta \u00f6l\u00e7ekli \u00fcreticiler ekonomik a\u00e7\u0131dan zor bir d\u00f6neme girmi\u015fti Zirai Don desteklemesi ile \u00fcreticimizin her zaman yan\u0131nda olan Cumhurba\u015fkan\u0131m\u0131z Recep Tayyip Erdo\u011fan\u2019a ve Tar\u0131m ve Orman Bakan\u0131m\u0131z \u0130brahim Yumakl\u0131\u2019ya \u015f\u00fckranlar\u0131m\u0131z\u0131 sunuyoruz&#8221; dedi.<br \/>\n<br \/>Pazarlar meyve \u00fcreticileri ise, &#8220;Zirai dondan etkilen biz \u00fcreticilere verilen destek bizlere nefes ald\u0131rd\u0131. \u00c7ift\u00e7ilerin yan\u0131nda olan ve bizleri her zaman destekleyen Cumhurba\u015fkan\u0131m\u0131z Recep Tayyip Erdo\u011fan\u2019a te\u015fekk\u00fcr ederiz&#8221; dedi.<br \/><\/p>\n","protected":false},"excerpt":{"rendered":"<p>K\u00fctahya\u2019n\u0131n Pazarlar \u0130l\u00e7esinde Zirai don nedeniyle \u00fcr\u00fcnleri hasar g\u00f6ren \u00c7ift\u00e7i Kay\u0131t Sistemi\u2019ne (\u00c7KS) kay\u0131tl\u0131 \u00fcreticilere 41 milyon lira destek \u00f6demesinin yap\u0131ld\u0131\u011f\u0131 bildirildi. Bu Konuda a\u00e7\u0131klama yapan Pazarlar Ziraat Odas\u0131 Ba\u015fkan\u0131 Mehmet Ali Aydo\u011fan, &#8220;2025 y\u0131l\u0131nda meydana gelen Zirai don nedeniyle \u00fcr\u00fcnleri hasan g\u00f6ren ve Tar\u0131m sigortas\u0131 olmayan \u00c7ift\u00e7i Kay\u0131t Sistemine (\u00c7KS) kay\u0131tl\u0131 850 \u00e7ift\u00e7ilerimize 41&#8230;<\/p>\n","protected":false},"author":1,"featured_media":70452,"comment_status":"open","ping_status":"open","sticky":false,"template":"","format":"standard","meta":{"_crdt_document":"","footnotes":""},"categories":[125],"tags":[],"class_list":["post-70451","post","type-post","status-publish","format-standard","has-post-thumbnail","hentry","category-ekonomi"],"_links":{"self":[{"href":"https:\/\/www.egemtv.com\/index.php?rest_route=\/wp\/v2\/posts\/70451","targetHints":{"allow":["GET"]}}],"collection":[{"href":"https:\/\/www.egemtv.com\/index.php?rest_route=\/wp\/v2\/posts"}],"about":[{"href":"https:\/\/www.egemtv.com\/index.php?rest_route=\/wp\/v2\/types\/post"}],"author":[{"embeddable":true,"href":"https:\/\/www.egemtv.com\/index.php?rest_route=\/wp\/v2\/users\/1"}],"replies":[{"embeddable":true,"href":"https:\/\/www.egemtv.com\/index.php?rest_route=%2Fwp%2Fv2%2Fcomments&post=70451"}],"version-history":[{"count":1,"href":"https:\/\/www.egemtv.com\/index.php?rest_route=\/wp\/v2\/posts\/70451\/revisions"}],"predecessor-version":[{"id":70453,"href":"https:\/\/www.egemtv.com\/index.php?rest_route=\/wp\/v2\/posts\/70451\/revisions\/70453"}],"wp:featuredmedia":[{"embeddable":true,"href":"https:\/\/www.egemtv.com\/index.php?rest_route=\/wp\/v2\/media\/70452"}],"wp:attachment":[{"href":"https:\/\/www.egemtv.com\/index.php?rest_route=%2Fwp%2Fv2%2Fmedia&parent=70451"}],"wp:term":[{"taxonomy":"category","embeddable":true,"href":"https:\/\/www.egemtv.com\/index.php?rest_route=%2Fwp%2Fv2%2Fcategories&post=70451"},{"taxonomy":"post_tag","embeddable":true,"href":"https:\/\/www.egemtv.com\/index.php?rest_route=%2Fwp%2Fv2%2Ftags&post=70451"}],"curies":[{"name":"wp","href":"https:\/\/api.w.org\/{rel}","templated":true}]}}