{"id":70445,"date":"2025-11-27T10:54:55","date_gmt":"2025-11-27T07:54:55","guid":{"rendered":"https:\/\/www.egemtv.com\/?p=70445"},"modified":"2025-11-27T10:54:56","modified_gmt":"2025-11-27T07:54:56","slug":"baskan-tatik-gazze-icin-duzenlenen-hayir-carsisini-gezdi","status":"publish","type":"post","link":"https:\/\/www.egemtv.com\/?p=70445","title":{"rendered":"Ba\u015fkan Tat\u0131k Gazze i\u00e7in d\u00fczenlenen hay\u0131r \u00e7ar\u015f\u0131s\u0131n\u0131 gezdi"},"content":{"rendered":"<p>Tavas M\u00fcft\u00fcl\u00fc\u011f\u00fc taraf\u0131ndan Gazze halk\u0131 yarar\u0131na d\u00fczenlenen etkinli\u011fe kat\u0131lan Tavas Belediye Ba\u015fkan\u0131 Kadir Tat\u0131k, &#8220;At\u0131lan her ad\u0131m\u0131n Gazze\u2019deki mazlumlar\u0131n yaralar\u0131na bir nebze merhem olmas\u0131n\u0131 diliyorum. Rabbim yap\u0131lan her hayr\u0131 kabul eylesin&#8221; dedi.<br \/>\n<br \/>Tavas \u0130l\u00e7e M\u00fcft\u00fcl\u00fc\u011f\u00fc gelirinin Gazze halk\u0131na g\u00f6ndermek \u00fczere bir etkinlik d\u00fczenledi. Hay\u0131r \u00c7ar\u015f\u0131s\u0131 ad\u0131 verilen etkinlik kapsam\u0131nda bir \u00e7ok el eme\u011fi \u00fcr\u00fcn\u00fcn geliri Gazze halk\u0131n\u0131n yarar\u0131na topland\u0131. Bir \u00e7ok g\u00f6n\u00fcll\u00fcn\u00fcn stant a\u00e7t\u0131\u011f\u0131 Hay\u0131r \u00c7ar\u015f\u0131s\u0131 yo\u011fun ilgi g\u00f6rd\u00fc. Hay\u0131r \u00c7ar\u015f\u0131s\u0131n\u0131 ziyaret eden Tavas Belediye Ba\u015fkan\u0131 Kadir Tat\u0131k, burada vatanda\u015flarla bir araya gelerek sohbet etti. Eme\u011fi ge\u00e7enlere te\u015fekk\u00fcr eden Ba\u015fkan Tat\u0131k, &#8220;Birlik oldu\u011fumuzda bereketin ve iyili\u011fin nas\u0131l \u00e7o\u011fald\u0131\u011f\u0131n\u0131 bir kez daha g\u00f6rd\u00fck. Hay\u0131r \u00c7ar\u015f\u0131s\u0131\u2019nda haz\u0131rlanan her \u00fcr\u00fcn\u00fcn, verilen her eme\u011fin ve at\u0131lan her ad\u0131m\u0131n Gazze\u2019deki mazlumlar\u0131n yaralar\u0131na bir nebze merhem olmas\u0131n\u0131 diliyorum. Rabbim yap\u0131lan her hayr\u0131 kabul eylesin&#8221; dedi.<br \/><\/p>\n","protected":false},"excerpt":{"rendered":"<p>Tavas M\u00fcft\u00fcl\u00fc\u011f\u00fc taraf\u0131ndan Gazze halk\u0131 yarar\u0131na d\u00fczenlenen etkinli\u011fe kat\u0131lan Tavas Belediye Ba\u015fkan\u0131 Kadir Tat\u0131k, &#8220;At\u0131lan her ad\u0131m\u0131n Gazze\u2019deki mazlumlar\u0131n yaralar\u0131na bir nebze merhem olmas\u0131n\u0131 diliyorum. Rabbim yap\u0131lan her hayr\u0131 kabul eylesin&#8221; dedi. Tavas \u0130l\u00e7e M\u00fcft\u00fcl\u00fc\u011f\u00fc gelirinin Gazze halk\u0131na g\u00f6ndermek \u00fczere bir etkinlik d\u00fczenledi. Hay\u0131r \u00c7ar\u015f\u0131s\u0131 ad\u0131 verilen etkinlik kapsam\u0131nda bir \u00e7ok el eme\u011fi \u00fcr\u00fcn\u00fcn geliri&#8230;<\/p>\n","protected":false},"author":1,"featured_media":70446,"comment_status":"open","ping_status":"open","sticky":false,"template":"","format":"standard","meta":{"_crdt_document":"","footnotes":""},"categories":[123],"tags":[],"class_list":["post-70445","post","type-post","status-publish","format-standard","has-post-thumbnail","hentry","category-gundem"],"_links":{"self":[{"href":"https:\/\/www.egemtv.com\/index.php?rest_route=\/wp\/v2\/posts\/70445","targetHints":{"allow":["GET"]}}],"collection":[{"href":"https:\/\/www.egemtv.com\/index.php?rest_route=\/wp\/v2\/posts"}],"about":[{"href":"https:\/\/www.egemtv.com\/index.php?rest_route=\/wp\/v2\/types\/post"}],"author":[{"embeddable":true,"href":"https:\/\/www.egemtv.com\/index.php?rest_route=\/wp\/v2\/users\/1"}],"replies":[{"embeddable":true,"href":"https:\/\/www.egemtv.com\/index.php?rest_route=%2Fwp%2Fv2%2Fcomments&post=70445"}],"version-history":[{"count":1,"href":"https:\/\/www.egemtv.com\/index.php?rest_route=\/wp\/v2\/posts\/70445\/revisions"}],"predecessor-version":[{"id":70447,"href":"https:\/\/www.egemtv.com\/index.php?rest_route=\/wp\/v2\/posts\/70445\/revisions\/70447"}],"wp:featuredmedia":[{"embeddable":true,"href":"https:\/\/www.egemtv.com\/index.php?rest_route=\/wp\/v2\/media\/70446"}],"wp:attachment":[{"href":"https:\/\/www.egemtv.com\/index.php?rest_route=%2Fwp%2Fv2%2Fmedia&parent=70445"}],"wp:term":[{"taxonomy":"category","embeddable":true,"href":"https:\/\/www.egemtv.com\/index.php?rest_route=%2Fwp%2Fv2%2Fcategories&post=70445"},{"taxonomy":"post_tag","embeddable":true,"href":"https:\/\/www.egemtv.com\/index.php?rest_route=%2Fwp%2Fv2%2Ftags&post=70445"}],"curies":[{"name":"wp","href":"https:\/\/api.w.org\/{rel}","templated":true}]}}