{"id":70442,"date":"2025-11-27T10:54:54","date_gmt":"2025-11-27T07:54:54","guid":{"rendered":"https:\/\/www.egemtv.com\/?p=70442"},"modified":"2025-11-27T10:54:55","modified_gmt":"2025-11-27T07:54:55","slug":"gelecegin-futbolcularini-yetistirecek-levend-sarioglu-u-10-futbol-ligi-baslatiyor","status":"publish","type":"post","link":"https:\/\/www.egemtv.com\/?p=70442","title":{"rendered":"Gelece\u011fin futbolcular\u0131n\u0131 yeti\u015ftirecek Levend Sar\u0131o\u011flu U-10 Futbol Ligi ba\u015flat\u0131yor"},"content":{"rendered":"<p>Denizli\u2019de gelece\u011fin futbolcular\u0131n\u0131 yeti\u015ftirmek amac\u0131yla ilk kez d\u00fczenlenecek olan Levend Sar\u0131o\u011flu U-10 Futbol Ligi\u2019ni ba\u015flat\u0131yor. 2015 do\u011fumlu gen\u00e7 yetenekleri bir araya getirecek ligde 300 sporcu ye\u015fil sahada bulu\u015facak.<\/p>\n<p>Denizli il spor camias\u0131n\u0131n destekledi\u011fi Levend Sar\u0131o\u011flu U-10 Futbol Ligi i\u00e7in heyecan ba\u015flad\u0131. Denizli\u2019nin spor altyap\u0131s\u0131n\u0131 g\u00fc\u00e7lendirmek ve 2015 do\u011fumlu gen\u00e7 yeteneklere profesyonel bir deneyim sunmak amac\u0131yla haz\u0131rlanan ligin kura \u00e7ekimi ve tan\u0131t\u0131m toplant\u0131s\u0131 ger\u00e7ekle\u015ftirildi. Lig fikst\u00fcr\u00fcn\u00fcn belirlendi\u011fi kura t\u00f6renine; lig d\u00fczenleme komitesi, antren\u00f6rler, sporcular ve Levend Sar\u0131o\u011flu\u2019nun ailesi kat\u0131ld\u0131.<\/p>\n<p>Levend Sar\u0131o\u011flu\u2019nun ailesine te\u015fekk\u00fcr plaketi<br \/>\n<br \/>T\u00f6rende, Denizli\u2019de spor d\u00fcnyas\u0131na \u00f6nemli katk\u0131lar sa\u011flayan Levend Sar\u0131o\u011flu\u2019nun ba\u015far\u0131 dolu hik\u00e2yesi, haz\u0131rlanan k\u0131sa bir filmle kat\u0131l\u0131mc\u0131lara aktar\u0131ld\u0131. Salonda duygu dolu anlar ya\u015fan\u0131rken, t\u00f6renin sonunda Levend Sar\u0131o\u011flu\u2019nun ailesine, te\u015fekk\u00fcr plaketi ve \u00e7i\u00e7ek takdim edildi.<\/p>\n<p>20 tak\u0131mda 300 sporcu m\u00fccadele edecek<br \/>\n<br \/>Toplamda 20 tak\u0131m ve yakla\u015f\u0131k 300 gen\u00e7 sporcunun tek devreli lig usul\u00fcne g\u00f6re m\u00fccadele edece\u011fi Levend Sar\u0131o\u011flu U-10 Futbol Ligi, Denizli\u2019nin gen\u00e7 yeteneklerini kendilerini g\u00f6stermeleri ve bir \u00fcst liglerde oynayacaklar\u0131 ma\u00e7larda deneyim ve \u00f6zg\u00fcven kazanmalar\u0131 i\u00e7in \u00f6nemli bir platform olacak. Tamamen kapsay\u0131c\u0131 ve geli\u015fim odakl\u0131 haz\u0131rlanan lig format\u0131, gen\u00e7lerin yeteneklerini ke\u015ffetmelerine ve futbol sevgilerini peki\u015ftirmelerine imkan tan\u0131yacak. 29 Kas\u0131m 2025 Cumartesi g\u00fcn\u00fc start alacak ma\u00e7lar, 15 \u015eubat 2026 tarihinde sona erecek.<br \/><\/p>\n","protected":false},"excerpt":{"rendered":"<p>Denizli\u2019de gelece\u011fin futbolcular\u0131n\u0131 yeti\u015ftirmek amac\u0131yla ilk kez d\u00fczenlenecek olan Levend Sar\u0131o\u011flu U-10 Futbol Ligi\u2019ni ba\u015flat\u0131yor. 2015 do\u011fumlu gen\u00e7 yetenekleri bir araya getirecek ligde 300 sporcu ye\u015fil sahada bulu\u015facak. Denizli il spor camias\u0131n\u0131n destekledi\u011fi Levend Sar\u0131o\u011flu U-10 Futbol Ligi i\u00e7in heyecan ba\u015flad\u0131. Denizli\u2019nin spor altyap\u0131s\u0131n\u0131 g\u00fc\u00e7lendirmek ve 2015 do\u011fumlu gen\u00e7 yeteneklere profesyonel bir deneyim sunmak amac\u0131yla&#8230;<\/p>\n","protected":false},"author":1,"featured_media":70443,"comment_status":"open","ping_status":"open","sticky":false,"template":"","format":"standard","meta":{"_crdt_document":"","footnotes":""},"categories":[4],"tags":[],"class_list":["post-70442","post","type-post","status-publish","format-standard","has-post-thumbnail","hentry","category-spor"],"_links":{"self":[{"href":"https:\/\/www.egemtv.com\/index.php?rest_route=\/wp\/v2\/posts\/70442","targetHints":{"allow":["GET"]}}],"collection":[{"href":"https:\/\/www.egemtv.com\/index.php?rest_route=\/wp\/v2\/posts"}],"about":[{"href":"https:\/\/www.egemtv.com\/index.php?rest_route=\/wp\/v2\/types\/post"}],"author":[{"embeddable":true,"href":"https:\/\/www.egemtv.com\/index.php?rest_route=\/wp\/v2\/users\/1"}],"replies":[{"embeddable":true,"href":"https:\/\/www.egemtv.com\/index.php?rest_route=%2Fwp%2Fv2%2Fcomments&post=70442"}],"version-history":[{"count":1,"href":"https:\/\/www.egemtv.com\/index.php?rest_route=\/wp\/v2\/posts\/70442\/revisions"}],"predecessor-version":[{"id":70444,"href":"https:\/\/www.egemtv.com\/index.php?rest_route=\/wp\/v2\/posts\/70442\/revisions\/70444"}],"wp:featuredmedia":[{"embeddable":true,"href":"https:\/\/www.egemtv.com\/index.php?rest_route=\/wp\/v2\/media\/70443"}],"wp:attachment":[{"href":"https:\/\/www.egemtv.com\/index.php?rest_route=%2Fwp%2Fv2%2Fmedia&parent=70442"}],"wp:term":[{"taxonomy":"category","embeddable":true,"href":"https:\/\/www.egemtv.com\/index.php?rest_route=%2Fwp%2Fv2%2Fcategories&post=70442"},{"taxonomy":"post_tag","embeddable":true,"href":"https:\/\/www.egemtv.com\/index.php?rest_route=%2Fwp%2Fv2%2Ftags&post=70442"}],"curies":[{"name":"wp","href":"https:\/\/api.w.org\/{rel}","templated":true}]}}