{"id":7044,"date":"2025-01-11T19:57:45","date_gmt":"2025-01-11T16:57:45","guid":{"rendered":"https:\/\/www.egemtv.com\/?p=7044"},"modified":"2025-01-11T19:57:57","modified_gmt":"2025-01-11T16:57:57","slug":"denizlide-yasli-adam-evinde-olu-bulundu","status":"publish","type":"post","link":"https:\/\/www.egemtv.com\/?p=7044","title":{"rendered":"Denizli\u2019de ya\u015fl\u0131 adam evinde \u00f6l\u00fc bulundu"},"content":{"rendered":"<p>Denizli\u2019nin Merkezefendi il\u00e7esinde yaln\u0131z ya\u015fayan ya\u015fl\u0131 adam evinde \u00f6l\u00fc bulundu.<br \/>\n<br \/>Edinilen bilgiye g\u00f6re, Mehmet Akif Ersoy Mahallesi\u2019nde ya\u015fayan Muzaffer Alaku\u015f\u2019un (64) evinden gelen k\u00f6t\u00fc koku nedeniyle apartman kom\u015fular\u0131 polise haber verdi. \u0130hbar \u00fczerine adrese polis, ekipleri sevk edildi. Eve giren ekipler, Alaku\u015f\u2019u hareketsiz \u015fekilde yatarken buldu. Sa\u011fl\u0131k ekiplerinin yapt\u0131klar\u0131 kontrolde adam\u0131n g\u00fcnler \u00f6nce hayat\u0131n\u0131 kaybetti\u011fi belirlendi. Muzaffer Alaku\u015f\u2019un cenazesi yap\u0131lan incelemenin ard\u0131ndan Adli T\u0131p Kurumuna sevk edildi. Muzaffer Alaku\u015f\u2019un \u00f6l\u00fcm haberini alan k\u0131z\u0131 fenal\u0131k ge\u00e7irdi.<br \/>\n<br \/>Olayla ilgili soru\u015fturma ba\u015flat\u0131ld\u0131.<br \/>\n<br \/><img fetchpriority=\"high\" decoding=\"async\" width=\"1280\" height=\"853\" src=\"https:\/\/www.egemtv.com\/wp-content\/uploads\/2025\/01\/denizlide-yasli-adam-evinde-olu-bulundu_473cd1df5210.jpg\" class=\"attachment-full size-full not-transparent\" alt=\"\" data-has-transparency=\"false\" data-dominant-color=\"919194\" style=\"--dominant-color: #919194\" \/><img decoding=\"async\" width=\"1280\" height=\"853\" src=\"https:\/\/www.egemtv.com\/wp-content\/uploads\/2025\/01\/denizlide-yasli-adam-evinde-olu-bulundu_4f5923a7bace.jpg\" class=\"attachment-full size-full not-transparent\" alt=\"\" data-has-transparency=\"false\" data-dominant-color=\"8c8c8e\" style=\"--dominant-color: #8c8c8e\" \/><img decoding=\"async\" width=\"1280\" height=\"853\" src=\"https:\/\/www.egemtv.com\/wp-content\/uploads\/2025\/01\/denizlide-yasli-adam-evinde-olu-bulundu_b0d308bcd4f5.jpg\" class=\"attachment-full size-full not-transparent\" alt=\"\" data-has-transparency=\"false\" data-dominant-color=\"78797b\" style=\"--dominant-color: #78797b\" \/><img loading=\"lazy\" decoding=\"async\" width=\"1280\" height=\"853\" src=\"https:\/\/www.egemtv.com\/wp-content\/uploads\/2025\/01\/denizlide-yasli-adam-evinde-olu-bulundu_d19d7104acd0.jpg\" class=\"attachment-full size-full not-transparent\" alt=\"\" data-has-transparency=\"false\" data-dominant-color=\"818284\" style=\"--dominant-color: #818284\" \/><img loading=\"lazy\" decoding=\"async\" width=\"1280\" height=\"853\" src=\"https:\/\/www.egemtv.com\/wp-content\/uploads\/2025\/01\/denizlide-yasli-adam-evinde-olu-bulundu_dd30f36ae183.jpg\" class=\"attachment-full size-full not-transparent\" alt=\"\" data-has-transparency=\"false\" data-dominant-color=\"939294\" style=\"--dominant-color: #939294\" \/><img loading=\"lazy\" decoding=\"async\" width=\"1280\" height=\"853\" src=\"https:\/\/www.egemtv.com\/wp-content\/uploads\/2025\/01\/denizlide-yasli-adam-evinde-olu-bulundu_c18beb1df242.jpg\" class=\"attachment-full size-full not-transparent\" alt=\"\" data-has-transparency=\"false\" data-dominant-color=\"8c8c8b\" style=\"--dominant-color: #8c8c8b\" \/><\/p>\n","protected":false},"excerpt":{"rendered":"<p>Denizli\u2019nin Merkezefendi il\u00e7esinde yaln\u0131z ya\u015fayan ya\u015fl\u0131 adam evinde \u00f6l\u00fc bulundu. Edinilen bilgiye g\u00f6re, Mehmet Akif Ersoy Mahallesi\u2019nde ya\u015fayan Muzaffer Alaku\u015f\u2019un (64) evinden gelen k\u00f6t\u00fc koku nedeniyle apartman kom\u015fular\u0131 polise haber verdi. \u0130hbar \u00fczerine adrese polis, ekipleri sevk edildi. Eve giren ekipler, Alaku\u015f\u2019u hareketsiz \u015fekilde yatarken buldu. Sa\u011fl\u0131k ekiplerinin yapt\u0131klar\u0131 kontrolde adam\u0131n g\u00fcnler \u00f6nce hayat\u0131n\u0131 kaybetti\u011fi&#8230;<\/p>\n","protected":false},"author":1,"featured_media":7045,"comment_status":"open","ping_status":"open","sticky":false,"template":"","format":"standard","meta":{"_crdt_document":"","footnotes":""},"categories":[5],"tags":[],"class_list":["post-7044","post","type-post","status-publish","format-standard","has-post-thumbnail","hentry","category-asayis"],"_links":{"self":[{"href":"https:\/\/www.egemtv.com\/index.php?rest_route=\/wp\/v2\/posts\/7044","targetHints":{"allow":["GET"]}}],"collection":[{"href":"https:\/\/www.egemtv.com\/index.php?rest_route=\/wp\/v2\/posts"}],"about":[{"href":"https:\/\/www.egemtv.com\/index.php?rest_route=\/wp\/v2\/types\/post"}],"author":[{"embeddable":true,"href":"https:\/\/www.egemtv.com\/index.php?rest_route=\/wp\/v2\/users\/1"}],"replies":[{"embeddable":true,"href":"https:\/\/www.egemtv.com\/index.php?rest_route=%2Fwp%2Fv2%2Fcomments&post=7044"}],"version-history":[{"count":1,"href":"https:\/\/www.egemtv.com\/index.php?rest_route=\/wp\/v2\/posts\/7044\/revisions"}],"predecessor-version":[{"id":7052,"href":"https:\/\/www.egemtv.com\/index.php?rest_route=\/wp\/v2\/posts\/7044\/revisions\/7052"}],"wp:featuredmedia":[{"embeddable":true,"href":"https:\/\/www.egemtv.com\/index.php?rest_route=\/wp\/v2\/media\/7045"}],"wp:attachment":[{"href":"https:\/\/www.egemtv.com\/index.php?rest_route=%2Fwp%2Fv2%2Fmedia&parent=7044"}],"wp:term":[{"taxonomy":"category","embeddable":true,"href":"https:\/\/www.egemtv.com\/index.php?rest_route=%2Fwp%2Fv2%2Fcategories&post=7044"},{"taxonomy":"post_tag","embeddable":true,"href":"https:\/\/www.egemtv.com\/index.php?rest_route=%2Fwp%2Fv2%2Ftags&post=7044"}],"curies":[{"name":"wp","href":"https:\/\/api.w.org\/{rel}","templated":true}]}}