{"id":70433,"date":"2025-11-27T10:34:59","date_gmt":"2025-11-27T07:34:59","guid":{"rendered":"https:\/\/www.egemtv.com\/?p=70433"},"modified":"2025-11-27T10:34:59","modified_gmt":"2025-11-27T07:34:59","slug":"aydin-ihracatta-ekim-ayinda-artiya-gecti","status":"publish","type":"post","link":"https:\/\/www.egemtv.com\/?p=70433","title":{"rendered":"Ayd\u0131n ihracatta Ekim ay\u0131nda art\u0131ya ge\u00e7ti"},"content":{"rendered":"<p>Ticaret Bakanl\u0131\u011f\u0131\u2019n\u0131n faaliyet illerine g\u00f6re a\u00e7\u0131klad\u0131\u011f\u0131 Ekim ay\u0131 ihracat verilerine g\u00f6re Ege B\u00f6lgesi genelinde ihracat art\u0131\u015f\u0131 s\u00fcrerken, Ayd\u0131n Ekim ay\u0131nda ihracat\u0131n\u0131 art\u0131ran iller aras\u0131nda yer ald\u0131.<\/p>\n<p>Ege \u0130hracat\u00e7\u0131 Birlikleri\u2019nin verilerine g\u00f6re Ege B\u00f6lgesi\u2019nin 10 ayl\u0131k ihracat\u0131 y\u00fczde 2\u2019lik art\u0131\u015fla 35 milyar 827 milyon dolardan 36 milyar 464 milyon dolara ula\u015ft\u0131. B\u00f6lge, T\u00fcrkiye\u2019nin toplam ihracat\u0131ndan y\u00fczde 16,23 pay almay\u0131 ba\u015fard\u0131. Ayd\u0131n\u2019\u0131n Ekim ay\u0131 ihracat\u0131 y\u00fczde 4,5\u2019lik art\u0131\u015fla 186 milyon dolardan 194 milyon 800 bin dolara y\u00fckseldi. Ekim ay\u0131nda Ayd\u0131n\u2019\u0131n yan\u0131 s\u0131ra Mu\u011fla ve K\u00fctahya da ihracat\u0131n\u0131 art\u0131ran iller aras\u0131nda yer ald\u0131. Mu\u011fla ihracat\u0131n\u0131 y\u00fczde 12\u2019lik art\u0131\u015fla 117,5 milyon dolardan 131,3 milyon dolara \u00e7\u0131kar\u0131rken, K\u00fctahya y\u00fczde 3\u2019l\u00fck art\u0131\u015fla 88 milyon dolardan 90,4 milyon dolara ula\u015ft\u0131. \u0130zmir ise Ekim ay\u0131nda 1 milyar 929 milyon dolarl\u0131k ihracat hacmine ula\u015farak T\u00fcrkiye genelinde \u0130stanbul ve Kocaeli\u2019nin ard\u0131ndan \u00fc\u00e7\u00fcnc\u00fc s\u0131rada yer ald\u0131. \u0130zmir, 173 milyon dolarl\u0131k ihracat art\u0131\u015f\u0131yla T\u00fcrkiye\u2019de ihracat\u0131n\u0131 en \u00e7ok art\u0131ran ikinci il oldu. U\u015fak, Ekim ay\u0131nda Ege B\u00f6lgesi\u2019nin ihracat art\u0131\u015f rekortmeni olmay\u0131 s\u00fcrd\u00fcr\u00fcrken, Manisa, Bal\u0131kesir ve Afyonkarahisar\u2019da Ekim ay\u0131nda d\u00fc\u015f\u00fc\u015f ya\u015fand\u0131. Afyonkarahisar Ekim ay\u0131nda gerileme ya\u015famas\u0131na ra\u011fmen, 10 ayl\u0131k d\u00f6nemde y\u00fczde 23\u2019l\u00fck art\u0131\u015fla Ege B\u00f6lgesi\u2019nde ihracat\u0131n\u0131 en fazla art\u0131ran il oldu.<br \/><\/p>\n","protected":false},"excerpt":{"rendered":"<p>Ticaret Bakanl\u0131\u011f\u0131\u2019n\u0131n faaliyet illerine g\u00f6re a\u00e7\u0131klad\u0131\u011f\u0131 Ekim ay\u0131 ihracat verilerine g\u00f6re Ege B\u00f6lgesi genelinde ihracat art\u0131\u015f\u0131 s\u00fcrerken, Ayd\u0131n Ekim ay\u0131nda ihracat\u0131n\u0131 art\u0131ran iller aras\u0131nda yer ald\u0131. Ege \u0130hracat\u00e7\u0131 Birlikleri\u2019nin verilerine g\u00f6re Ege B\u00f6lgesi\u2019nin 10 ayl\u0131k ihracat\u0131 y\u00fczde 2\u2019lik art\u0131\u015fla 35 milyar 827 milyon dolardan 36 milyar 464 milyon dolara ula\u015ft\u0131. B\u00f6lge, T\u00fcrkiye\u2019nin toplam ihracat\u0131ndan y\u00fczde&#8230;<\/p>\n","protected":false},"author":1,"featured_media":70434,"comment_status":"open","ping_status":"open","sticky":false,"template":"","format":"standard","meta":{"_crdt_document":"","footnotes":""},"categories":[125],"tags":[],"class_list":["post-70433","post","type-post","status-publish","format-standard","has-post-thumbnail","hentry","category-ekonomi"],"_links":{"self":[{"href":"https:\/\/www.egemtv.com\/index.php?rest_route=\/wp\/v2\/posts\/70433","targetHints":{"allow":["GET"]}}],"collection":[{"href":"https:\/\/www.egemtv.com\/index.php?rest_route=\/wp\/v2\/posts"}],"about":[{"href":"https:\/\/www.egemtv.com\/index.php?rest_route=\/wp\/v2\/types\/post"}],"author":[{"embeddable":true,"href":"https:\/\/www.egemtv.com\/index.php?rest_route=\/wp\/v2\/users\/1"}],"replies":[{"embeddable":true,"href":"https:\/\/www.egemtv.com\/index.php?rest_route=%2Fwp%2Fv2%2Fcomments&post=70433"}],"version-history":[{"count":1,"href":"https:\/\/www.egemtv.com\/index.php?rest_route=\/wp\/v2\/posts\/70433\/revisions"}],"predecessor-version":[{"id":70435,"href":"https:\/\/www.egemtv.com\/index.php?rest_route=\/wp\/v2\/posts\/70433\/revisions\/70435"}],"wp:featuredmedia":[{"embeddable":true,"href":"https:\/\/www.egemtv.com\/index.php?rest_route=\/wp\/v2\/media\/70434"}],"wp:attachment":[{"href":"https:\/\/www.egemtv.com\/index.php?rest_route=%2Fwp%2Fv2%2Fmedia&parent=70433"}],"wp:term":[{"taxonomy":"category","embeddable":true,"href":"https:\/\/www.egemtv.com\/index.php?rest_route=%2Fwp%2Fv2%2Fcategories&post=70433"},{"taxonomy":"post_tag","embeddable":true,"href":"https:\/\/www.egemtv.com\/index.php?rest_route=%2Fwp%2Fv2%2Ftags&post=70433"}],"curies":[{"name":"wp","href":"https:\/\/api.w.org\/{rel}","templated":true}]}}