{"id":70430,"date":"2025-11-27T10:34:58","date_gmt":"2025-11-27T07:34:58","guid":{"rendered":"https:\/\/www.egemtv.com\/?p=70430"},"modified":"2025-11-27T10:34:59","modified_gmt":"2025-11-27T07:34:59","slug":"ulku-ocaklarindan-genclere-madde-bagimliligi-uyarisi","status":"publish","type":"post","link":"https:\/\/www.egemtv.com\/?p=70430","title":{"rendered":"\u00dclk\u00fc Ocaklar\u0131\u2019ndan gen\u00e7lere madde ba\u011f\u0131ml\u0131l\u0131\u011f\u0131 uyar\u0131s\u0131"},"content":{"rendered":"<p>Ayd\u0131n\u2019\u0131n Nazilli il\u00e7esinde \u00dclk\u00fc Ocaklar\u0131 taraf\u0131ndan d\u00fczenlenen seminerde gen\u00e7lere madde ba\u011f\u0131ml\u0131l\u0131\u011f\u0131n\u0131n zararlar\u0131 ve korunma yollar\u0131 anlat\u0131ld\u0131.<\/p>\n<p>Ayd\u0131n \u00dclk\u00fc Ocaklar\u0131 \u0130l Ba\u015fkanl\u0131\u011f\u0131 koordinesinde Nazilli \u0130l\u00e7e Ba\u015fkanl\u0131\u011f\u0131 taraf\u0131ndan &#8220;Madde Ba\u011f\u0131ml\u0131l\u0131\u011f\u0131 ile M\u00fccadele&#8221; semineri d\u00fczenlendi. Gen\u00e7leri bilin\u00e7lendirmeye y\u00f6nelik yap\u0131lan \u00e7al\u0131\u015fmada gen\u00e7lere madde ba\u011f\u0131ml\u0131l\u0131\u011f\u0131n\u0131n fiziksel, psikolojik ve sosyal etkileri anlat\u0131l\u0131rken, zararl\u0131 al\u0131\u015fkanl\u0131klardan korunman\u0131n yollar\u0131 aktar\u0131ld\u0131. Gen\u00e7lerin sa\u011fl\u0131kl\u0131, bilin\u00e7li ve g\u00fc\u00e7l\u00fc bir nesil olarak yeti\u015fmesi i\u00e7in fark\u0131ndal\u0131k \u00e7al\u0131\u015fmalar\u0131na aral\u0131ks\u0131z devam edeceklerini belirten Ayd\u0131n \u00dclk\u00fc Ocaklar\u0131 \u0130l Ba\u015fkanl\u0131\u011f\u0131 yapt\u0131\u011f\u0131 a\u00e7\u0131klamada &#8220;\u00dclk\u00fc Ocaklar\u0131 Nazilli \u0130l\u00e7e Ba\u015fkanl\u0131\u011f\u0131m\u0131z taraf\u0131ndan d\u00fczenlenen Madde Ba\u011f\u0131ml\u0131l\u0131\u011f\u0131 ile M\u00fccadele seminerimizde, gen\u00e7lerimizi bilin\u00e7lendirmek ve onlar\u0131 zararl\u0131 al\u0131\u015fkanl\u0131klardan korumak ad\u0131na \u00f6nemli bir ad\u0131m att\u0131k. Gelece\u011fimiz olan gen\u00e7lerimizin sa\u011fl\u0131kl\u0131 ve g\u00fc\u00e7l\u00fc bir nesil olarak yeti\u015fmesi i\u00e7in bilgilendirme \u00e7al\u0131\u015fmalar\u0131m\u0131za devam ediyoruz&#8221; ifadeleri yer ald\u0131.<br \/><\/p>\n","protected":false},"excerpt":{"rendered":"<p>Ayd\u0131n\u2019\u0131n Nazilli il\u00e7esinde \u00dclk\u00fc Ocaklar\u0131 taraf\u0131ndan d\u00fczenlenen seminerde gen\u00e7lere madde ba\u011f\u0131ml\u0131l\u0131\u011f\u0131n\u0131n zararlar\u0131 ve korunma yollar\u0131 anlat\u0131ld\u0131. Ayd\u0131n \u00dclk\u00fc Ocaklar\u0131 \u0130l Ba\u015fkanl\u0131\u011f\u0131 koordinesinde Nazilli \u0130l\u00e7e Ba\u015fkanl\u0131\u011f\u0131 taraf\u0131ndan &#8220;Madde Ba\u011f\u0131ml\u0131l\u0131\u011f\u0131 ile M\u00fccadele&#8221; semineri d\u00fczenlendi. Gen\u00e7leri bilin\u00e7lendirmeye y\u00f6nelik yap\u0131lan \u00e7al\u0131\u015fmada gen\u00e7lere madde ba\u011f\u0131ml\u0131l\u0131\u011f\u0131n\u0131n fiziksel, psikolojik ve sosyal etkileri anlat\u0131l\u0131rken, zararl\u0131 al\u0131\u015fkanl\u0131klardan korunman\u0131n yollar\u0131 aktar\u0131ld\u0131. Gen\u00e7lerin sa\u011fl\u0131kl\u0131, bilin\u00e7li ve&#8230;<\/p>\n","protected":false},"author":1,"featured_media":70431,"comment_status":"open","ping_status":"open","sticky":false,"template":"","format":"standard","meta":{"_crdt_document":"","footnotes":""},"categories":[1],"tags":[],"class_list":["post-70430","post","type-post","status-publish","format-standard","has-post-thumbnail","hentry","category-guncel"],"_links":{"self":[{"href":"https:\/\/www.egemtv.com\/index.php?rest_route=\/wp\/v2\/posts\/70430","targetHints":{"allow":["GET"]}}],"collection":[{"href":"https:\/\/www.egemtv.com\/index.php?rest_route=\/wp\/v2\/posts"}],"about":[{"href":"https:\/\/www.egemtv.com\/index.php?rest_route=\/wp\/v2\/types\/post"}],"author":[{"embeddable":true,"href":"https:\/\/www.egemtv.com\/index.php?rest_route=\/wp\/v2\/users\/1"}],"replies":[{"embeddable":true,"href":"https:\/\/www.egemtv.com\/index.php?rest_route=%2Fwp%2Fv2%2Fcomments&post=70430"}],"version-history":[{"count":1,"href":"https:\/\/www.egemtv.com\/index.php?rest_route=\/wp\/v2\/posts\/70430\/revisions"}],"predecessor-version":[{"id":70432,"href":"https:\/\/www.egemtv.com\/index.php?rest_route=\/wp\/v2\/posts\/70430\/revisions\/70432"}],"wp:featuredmedia":[{"embeddable":true,"href":"https:\/\/www.egemtv.com\/index.php?rest_route=\/wp\/v2\/media\/70431"}],"wp:attachment":[{"href":"https:\/\/www.egemtv.com\/index.php?rest_route=%2Fwp%2Fv2%2Fmedia&parent=70430"}],"wp:term":[{"taxonomy":"category","embeddable":true,"href":"https:\/\/www.egemtv.com\/index.php?rest_route=%2Fwp%2Fv2%2Fcategories&post=70430"},{"taxonomy":"post_tag","embeddable":true,"href":"https:\/\/www.egemtv.com\/index.php?rest_route=%2Fwp%2Fv2%2Ftags&post=70430"}],"curies":[{"name":"wp","href":"https:\/\/api.w.org\/{rel}","templated":true}]}}