{"id":70427,"date":"2025-11-27T10:34:57","date_gmt":"2025-11-27T07:34:57","guid":{"rendered":"https:\/\/www.egemtv.com\/?p=70427"},"modified":"2025-11-27T10:34:58","modified_gmt":"2025-11-27T07:34:58","slug":"seydikemerde-yasanan-zehirlenme-olayi-sorusturmasinda-afad-ekiplerince-detayli-inceleme-yapilacak","status":"publish","type":"post","link":"https:\/\/www.egemtv.com\/?p=70427","title":{"rendered":"Seydikemer\u2019de ya\u015fanan zehirlenme olay\u0131 soru\u015fturmas\u0131nda AFAD ekiplerince detayl\u0131 inceleme yap\u0131lacak"},"content":{"rendered":"<p>Mu\u011fla\u2019n\u0131n Seydikemer il\u00e7esinde meydana gelen ve nedeni hen\u00fcz belirlenemeyen zehirlenme vakas\u0131nda, 18 ya\u015f\u0131ndaki Neslinur Topal hayat\u0131n\u0131 kaybederken, di\u011fer iki karde\u015fi Fethiye Devlet Hastanesi\u2019nde yo\u011fun bak\u0131ma al\u0131nd\u0131. Olayla ilgili savc\u0131l\u0131k soru\u015fturma ba\u015flat\u0131rken, evde kimyasal incelemesi i\u00e7in AFAD ekipleri g\u00f6revlendirildi.<\/p>\n<p>Edinilen bilgiye g\u00f6re, Mu\u011fla\u2019n\u0131n Seydikemer il\u00e7esinde zehirlenme olay\u0131nda, \u00fc\u00e7 karde\u015fin hen\u00fcz nedeni bilinmeyen bir sebepten dolay\u0131 zehirlendi\u011fi tespit edildi. Zehirlenme sonucu, 18 ya\u015f\u0131ndaki Neslinur Topal vefat ederken, di\u011fer iki karde\u015f Fethiye Devlet Hastanesine kald\u0131r\u0131ld\u0131. Tedavileri yo\u011fun bak\u0131m \u00fcnitesinde s\u00fcren karde\u015flerin hayati tehlikelerinin devam etti\u011fi \u00f6\u011frenildi.<\/p>\n<p>Olay\u0131n ard\u0131ndan Seydikemer Cumhuriyet Savc\u0131l\u0131\u011f\u0131, zehirlenmenin nedenini ayd\u0131nlatmak amac\u0131yla geni\u015f \u00e7apl\u0131 bir soru\u015fturma ba\u015flatt\u0131. Savc\u0131l\u0131k, evde herhangi bir kimyasal madde bulunup bulunmad\u0131\u011f\u0131n\u0131n tespiti i\u00e7in Mu\u011fla \u0130l AFAD M\u00fcd\u00fcrl\u00fc\u011f\u00fc\u2019nden teknik inceleme talep etti.<\/p>\n<p>Bu talep \u00fczerine, Mu\u011fla AFAD M\u00fcd\u00fcrl\u00fc\u011f\u00fc personelleri \u00f6zel cihazlarla olay yerinde incelemelerde bulundu. \u0130lk incelemeler neticesinde, durumun daha detayl\u0131 ara\u015ft\u0131r\u0131lmas\u0131 gerekti\u011fi belirlendi ve KBRN (Kimyasal, Biyolojik, Radyolojik ve N\u00fckleer) ekibinin b\u00f6lgeye gelmesi gerekti\u011fi rapor edildi.<\/p>\n<p>Mu\u011fla AFAD M\u00fcd\u00fcrl\u00fc\u011f\u00fc taraf\u0131ndan derhal talep edilen KBRN ekipleri, en k\u0131sa s\u00fcrede olay yerine ula\u015farak evde detayl\u0131 kimyasal madde incelemesi yapacak. Ekipler, zehirlenmeye neden olan etkeni tespit etmek i\u00e7in cihazlarla kapsaml\u0131 bir ara\u015ft\u0131rma ger\u00e7ekle\u015ftirecek.<br \/><\/p>\n","protected":false},"excerpt":{"rendered":"<p>Mu\u011fla\u2019n\u0131n Seydikemer il\u00e7esinde meydana gelen ve nedeni hen\u00fcz belirlenemeyen zehirlenme vakas\u0131nda, 18 ya\u015f\u0131ndaki Neslinur Topal hayat\u0131n\u0131 kaybederken, di\u011fer iki karde\u015fi Fethiye Devlet Hastanesi\u2019nde yo\u011fun bak\u0131ma al\u0131nd\u0131. Olayla ilgili savc\u0131l\u0131k soru\u015fturma ba\u015flat\u0131rken, evde kimyasal incelemesi i\u00e7in AFAD ekipleri g\u00f6revlendirildi. Edinilen bilgiye g\u00f6re, Mu\u011fla\u2019n\u0131n Seydikemer il\u00e7esinde zehirlenme olay\u0131nda, \u00fc\u00e7 karde\u015fin hen\u00fcz nedeni bilinmeyen bir sebepten dolay\u0131 zehirlendi\u011fi&#8230;<\/p>\n","protected":false},"author":1,"featured_media":70428,"comment_status":"open","ping_status":"open","sticky":false,"template":"","format":"standard","meta":{"_crdt_document":"","footnotes":""},"categories":[5],"tags":[],"class_list":["post-70427","post","type-post","status-publish","format-standard","has-post-thumbnail","hentry","category-asayis"],"_links":{"self":[{"href":"https:\/\/www.egemtv.com\/index.php?rest_route=\/wp\/v2\/posts\/70427","targetHints":{"allow":["GET"]}}],"collection":[{"href":"https:\/\/www.egemtv.com\/index.php?rest_route=\/wp\/v2\/posts"}],"about":[{"href":"https:\/\/www.egemtv.com\/index.php?rest_route=\/wp\/v2\/types\/post"}],"author":[{"embeddable":true,"href":"https:\/\/www.egemtv.com\/index.php?rest_route=\/wp\/v2\/users\/1"}],"replies":[{"embeddable":true,"href":"https:\/\/www.egemtv.com\/index.php?rest_route=%2Fwp%2Fv2%2Fcomments&post=70427"}],"version-history":[{"count":1,"href":"https:\/\/www.egemtv.com\/index.php?rest_route=\/wp\/v2\/posts\/70427\/revisions"}],"predecessor-version":[{"id":70429,"href":"https:\/\/www.egemtv.com\/index.php?rest_route=\/wp\/v2\/posts\/70427\/revisions\/70429"}],"wp:featuredmedia":[{"embeddable":true,"href":"https:\/\/www.egemtv.com\/index.php?rest_route=\/wp\/v2\/media\/70428"}],"wp:attachment":[{"href":"https:\/\/www.egemtv.com\/index.php?rest_route=%2Fwp%2Fv2%2Fmedia&parent=70427"}],"wp:term":[{"taxonomy":"category","embeddable":true,"href":"https:\/\/www.egemtv.com\/index.php?rest_route=%2Fwp%2Fv2%2Fcategories&post=70427"},{"taxonomy":"post_tag","embeddable":true,"href":"https:\/\/www.egemtv.com\/index.php?rest_route=%2Fwp%2Fv2%2Ftags&post=70427"}],"curies":[{"name":"wp","href":"https:\/\/api.w.org\/{rel}","templated":true}]}}