{"id":70424,"date":"2025-11-27T10:34:56","date_gmt":"2025-11-27T07:34:56","guid":{"rendered":"https:\/\/www.egemtv.com\/?p=70424"},"modified":"2025-11-27T10:34:57","modified_gmt":"2025-11-27T07:34:57","slug":"baskan-gencay-kadin-girisimcileri-agirladi","status":"publish","type":"post","link":"https:\/\/www.egemtv.com\/?p=70424","title":{"rendered":"Ba\u015fkan Gen\u00e7ay kad\u0131n giri\u015fimcileri a\u011f\u0131rlad\u0131"},"content":{"rendered":"<p>Ayd\u0131n\u2019\u0131n Didim il\u00e7esinde farkl\u0131 sekt\u00f6rlerden olu\u015fan Kad\u0131n Giri\u015fimciler Grubu, grubun kurucusu Neslihan Atabay \u00f6nc\u00fcl\u00fc\u011f\u00fcnde Didim Belediye Ba\u015fkan\u0131 Hatice Gen\u00e7ay\u2019\u0131 makam\u0131nda ziyaret etti. Ba\u015fkan Gen\u00e7ay, &#8220;\u00dcreten kad\u0131n kentine g\u00fc\u00e7 katar&#8221; dedi.<\/p>\n<p>Ziyaret kapsam\u0131nda kad\u0131n giri\u015fimciler; y\u00fcr\u00fctt\u00fckleri \u00e7al\u0131\u015fmalar, kente katk\u0131 sunma hedefleri ve kad\u0131n dayan\u0131\u015fmas\u0131n\u0131n g\u00fc\u00e7lendirilmesine y\u00f6nelik g\u00f6r\u00fc\u015flerini payla\u015ft\u0131. Grup \u00fcyeleri, bir kad\u0131n belediye ba\u015fkan\u0131n\u0131n deste\u011fini yanlar\u0131nda g\u00f6rmenin kendileri i\u00e7in \u00f6nemli oldu\u011funu belirtti. Belediye Ba\u015fkan\u0131 Hatice Gen\u00e7ay, kad\u0131n giri\u015fimcili\u011finin Didim\u2019in ekonomik ve sosyal geli\u015fimi i\u00e7in b\u00fcy\u00fck \u00f6nem ta\u015f\u0131d\u0131\u011f\u0131n\u0131 belirterterek, &#8220;Kad\u0131nlar\u0131n \u00fcretimde, ekonomide ve sosyal hayatta daha g\u00f6r\u00fcn\u00fcr olmas\u0131 sadece bireysel ba\u015far\u0131 de\u011fil, toplumun tamam\u0131 i\u00e7in bir kazan\u0131md\u0131r. Kad\u0131n giri\u015fimcilerimizin cesareti, yenilik\u00e7i bak\u0131\u015f a\u00e7\u0131lar\u0131 ve dayan\u0131\u015fma k\u00fclt\u00fcr\u00fc, Didim\u2019in gelece\u011fine y\u00f6n veren en de\u011ferli g\u00fc\u00e7lerden biridir. \u00dcreten kad\u0131n g\u00fc\u00e7lenir, g\u00fc\u00e7lenen kad\u0131n ise kentine g\u00fc\u00e7 katar&#8221; dedi.<\/p>\n<p>Ba\u015fkan Hatice Gen\u00e7ay, kad\u0131n giri\u015fimcilerle ortak projelere a\u00e7\u0131k olduklar\u0131n\u0131 da ifade ederek, kad\u0131n dayan\u0131\u015fmas\u0131n\u0131n Didim\u2019i daha g\u00fc\u00e7l\u00fc ve umut dolu bir gelece\u011fe ta\u015f\u0131yaca\u011f\u0131na inand\u0131\u011f\u0131n\u0131 vurgulad\u0131.<br \/><\/p>\n","protected":false},"excerpt":{"rendered":"<p>Ayd\u0131n\u2019\u0131n Didim il\u00e7esinde farkl\u0131 sekt\u00f6rlerden olu\u015fan Kad\u0131n Giri\u015fimciler Grubu, grubun kurucusu Neslihan Atabay \u00f6nc\u00fcl\u00fc\u011f\u00fcnde Didim Belediye Ba\u015fkan\u0131 Hatice Gen\u00e7ay\u2019\u0131 makam\u0131nda ziyaret etti. Ba\u015fkan Gen\u00e7ay, &#8220;\u00dcreten kad\u0131n kentine g\u00fc\u00e7 katar&#8221; dedi. Ziyaret kapsam\u0131nda kad\u0131n giri\u015fimciler; y\u00fcr\u00fctt\u00fckleri \u00e7al\u0131\u015fmalar, kente katk\u0131 sunma hedefleri ve kad\u0131n dayan\u0131\u015fmas\u0131n\u0131n g\u00fc\u00e7lendirilmesine y\u00f6nelik g\u00f6r\u00fc\u015flerini payla\u015ft\u0131. Grup \u00fcyeleri, bir kad\u0131n belediye ba\u015fkan\u0131n\u0131n deste\u011fini yanlar\u0131nda&#8230;<\/p>\n","protected":false},"author":1,"featured_media":70425,"comment_status":"open","ping_status":"open","sticky":false,"template":"","format":"standard","meta":{"_crdt_document":"","footnotes":""},"categories":[1],"tags":[],"class_list":["post-70424","post","type-post","status-publish","format-standard","has-post-thumbnail","hentry","category-guncel"],"_links":{"self":[{"href":"https:\/\/www.egemtv.com\/index.php?rest_route=\/wp\/v2\/posts\/70424","targetHints":{"allow":["GET"]}}],"collection":[{"href":"https:\/\/www.egemtv.com\/index.php?rest_route=\/wp\/v2\/posts"}],"about":[{"href":"https:\/\/www.egemtv.com\/index.php?rest_route=\/wp\/v2\/types\/post"}],"author":[{"embeddable":true,"href":"https:\/\/www.egemtv.com\/index.php?rest_route=\/wp\/v2\/users\/1"}],"replies":[{"embeddable":true,"href":"https:\/\/www.egemtv.com\/index.php?rest_route=%2Fwp%2Fv2%2Fcomments&post=70424"}],"version-history":[{"count":1,"href":"https:\/\/www.egemtv.com\/index.php?rest_route=\/wp\/v2\/posts\/70424\/revisions"}],"predecessor-version":[{"id":70426,"href":"https:\/\/www.egemtv.com\/index.php?rest_route=\/wp\/v2\/posts\/70424\/revisions\/70426"}],"wp:featuredmedia":[{"embeddable":true,"href":"https:\/\/www.egemtv.com\/index.php?rest_route=\/wp\/v2\/media\/70425"}],"wp:attachment":[{"href":"https:\/\/www.egemtv.com\/index.php?rest_route=%2Fwp%2Fv2%2Fmedia&parent=70424"}],"wp:term":[{"taxonomy":"category","embeddable":true,"href":"https:\/\/www.egemtv.com\/index.php?rest_route=%2Fwp%2Fv2%2Fcategories&post=70424"},{"taxonomy":"post_tag","embeddable":true,"href":"https:\/\/www.egemtv.com\/index.php?rest_route=%2Fwp%2Fv2%2Ftags&post=70424"}],"curies":[{"name":"wp","href":"https:\/\/api.w.org\/{rel}","templated":true}]}}