{"id":70421,"date":"2025-11-27T10:34:55","date_gmt":"2025-11-27T07:34:55","guid":{"rendered":"https:\/\/www.egemtv.com\/?p=70421"},"modified":"2025-11-27T10:34:56","modified_gmt":"2025-11-27T07:34:56","slug":"aydinda-ureticilere-sap-hastaligi-bilgilendirmesi","status":"publish","type":"post","link":"https:\/\/www.egemtv.com\/?p=70421","title":{"rendered":"Ayd\u0131n\u2019da \u00fcreticilere \u015fap hastal\u0131\u011f\u0131 bilgilendirmesi"},"content":{"rendered":"<p>Ayd\u0131n\u2019\u0131n Efeler il\u00e7esinde \u00fcreticilere \u015fap hastal\u0131\u011f\u0131 ile ilgili bilgi verildi.<\/p>\n<p>Efeler \u0130l\u00e7e Tar\u0131m ve Orman M\u00fcd\u00fcrl\u00fc\u011f\u00fc personeli \u00e7ift\u00e7i e\u011fitim \u00e7al\u0131\u015fmalar\u0131 kapsam\u0131nda Horozk\u00f6y Mahallesi\u2019nde \u00fcreticiler ile bir araya geldi. Toplam 27 \u00fcreticiye yeni destekleme modeli kapsam\u0131nda bitkisel \u00fcretim destekleri, hayvanc\u0131l\u0131k destekleri anlat\u0131ld\u0131. Bu y\u0131l i\u00e7inde de g\u00f6r\u00fclen \u015fap hastal\u0131\u011f\u0131 ile ilgili detayl\u0131 bilgi payla\u015ft\u0131ktan sonra soru cevap b\u00f6l\u00fcm\u00fcyle toplant\u0131 sona erdi.<br \/><\/p>\n","protected":false},"excerpt":{"rendered":"<p>Ayd\u0131n\u2019\u0131n Efeler il\u00e7esinde \u00fcreticilere \u015fap hastal\u0131\u011f\u0131 ile ilgili bilgi verildi. Efeler \u0130l\u00e7e Tar\u0131m ve Orman M\u00fcd\u00fcrl\u00fc\u011f\u00fc personeli \u00e7ift\u00e7i e\u011fitim \u00e7al\u0131\u015fmalar\u0131 kapsam\u0131nda Horozk\u00f6y Mahallesi\u2019nde \u00fcreticiler ile bir araya geldi. Toplam 27 \u00fcreticiye yeni destekleme modeli kapsam\u0131nda bitkisel \u00fcretim destekleri, hayvanc\u0131l\u0131k destekleri anlat\u0131ld\u0131. Bu y\u0131l i\u00e7inde de g\u00f6r\u00fclen \u015fap hastal\u0131\u011f\u0131 ile ilgili detayl\u0131 bilgi payla\u015ft\u0131ktan sonra soru&#8230;<\/p>\n","protected":false},"author":1,"featured_media":70422,"comment_status":"open","ping_status":"open","sticky":false,"template":"","format":"standard","meta":{"_crdt_document":"","footnotes":""},"categories":[1],"tags":[],"class_list":["post-70421","post","type-post","status-publish","format-standard","has-post-thumbnail","hentry","category-guncel"],"_links":{"self":[{"href":"https:\/\/www.egemtv.com\/index.php?rest_route=\/wp\/v2\/posts\/70421","targetHints":{"allow":["GET"]}}],"collection":[{"href":"https:\/\/www.egemtv.com\/index.php?rest_route=\/wp\/v2\/posts"}],"about":[{"href":"https:\/\/www.egemtv.com\/index.php?rest_route=\/wp\/v2\/types\/post"}],"author":[{"embeddable":true,"href":"https:\/\/www.egemtv.com\/index.php?rest_route=\/wp\/v2\/users\/1"}],"replies":[{"embeddable":true,"href":"https:\/\/www.egemtv.com\/index.php?rest_route=%2Fwp%2Fv2%2Fcomments&post=70421"}],"version-history":[{"count":1,"href":"https:\/\/www.egemtv.com\/index.php?rest_route=\/wp\/v2\/posts\/70421\/revisions"}],"predecessor-version":[{"id":70423,"href":"https:\/\/www.egemtv.com\/index.php?rest_route=\/wp\/v2\/posts\/70421\/revisions\/70423"}],"wp:featuredmedia":[{"embeddable":true,"href":"https:\/\/www.egemtv.com\/index.php?rest_route=\/wp\/v2\/media\/70422"}],"wp:attachment":[{"href":"https:\/\/www.egemtv.com\/index.php?rest_route=%2Fwp%2Fv2%2Fmedia&parent=70421"}],"wp:term":[{"taxonomy":"category","embeddable":true,"href":"https:\/\/www.egemtv.com\/index.php?rest_route=%2Fwp%2Fv2%2Fcategories&post=70421"},{"taxonomy":"post_tag","embeddable":true,"href":"https:\/\/www.egemtv.com\/index.php?rest_route=%2Fwp%2Fv2%2Ftags&post=70421"}],"curies":[{"name":"wp","href":"https:\/\/api.w.org\/{rel}","templated":true}]}}