{"id":70418,"date":"2025-11-27T10:14:58","date_gmt":"2025-11-27T07:14:58","guid":{"rendered":"https:\/\/www.egemtv.com\/?p=70418"},"modified":"2025-11-27T10:14:58","modified_gmt":"2025-11-27T07:14:58","slug":"kaymakam-dalak-ogrencilerle-dikis-dikip-capa-yapti","status":"publish","type":"post","link":"https:\/\/www.egemtv.com\/?p=70418","title":{"rendered":"Kaymakam Dalak \u00f6\u011frencilerle diki\u015f dikip \u00e7apa yapt\u0131"},"content":{"rendered":"<p>Sar\u0131g\u00f6l Kaymakam\u0131 Halil Dalak, il\u00e7ede d\u00fczenlenen &#8220;At\u00f6lyede Bir G\u00fcn&#8221; etkinli\u011fine kat\u0131larak \u00f6\u011frencilerle birlikte hem diki\u015f dikti hem de \u00e7apa yaparak uygulamal\u0131 \u00e7al\u0131\u015fmalar ger\u00e7ekle\u015ftirdi. Kaymakam Dalak\u2019\u0131n aktif olarak \u00fcretim s\u00fcre\u00e7lerine kat\u0131lmas\u0131 \u00f6\u011frenciler taraf\u0131ndan ilgiyle kar\u015f\u0131land\u0131.<br \/>\n<br \/>Sar\u0131g\u00f6l Milli Egemenlik \u00c7ok Programl\u0131 Anadolu Lisesinde d\u00fczenlenen etkinlikte \u00f6\u011frencilerin farkl\u0131 at\u00f6lyelerdeki \u00e7al\u0131\u015fmalar\u0131 yerinde incelendi. Ziyarette \u0130l\u00e7e Milli E\u011fitim M\u00fcd\u00fcr\u00fc Cezmi Y\u0131ld\u0131rak ile Emcelli Ortaokulu \u00f6\u011frencileri de yer ald\u0131. Okuldaki Giyim \u00dcretim Teknolojisi At\u00f6lyesi, \u00c7ocuk Geli\u015fimi ve E\u011fitimi At\u00f6lyesi, Tar\u0131m Alan\u0131 Seralar\u0131 ve Uygulama Alanlar\u0131 ve Muhasebe ve Finansman At\u00f6lyesini ziyaret eden Kaymakam Dalak, giyim \u00fcretim teknolojisi b\u00f6l\u00fcm\u00fcnde \u00f6\u011frencilerle birlikte makine ba\u015f\u0131na ge\u00e7erek k\u0131sa s\u00fcreli diki\u015f uygulamas\u0131 yapt\u0131. Ard\u0131ndan tar\u0131m teknolojileri at\u00f6lyesinde \u00f6\u011frencilere e\u015flik ederek sera alan\u0131nda \u00e7apa uygulamalar\u0131na kat\u0131ld\u0131.<br \/>\n<br \/>Her at\u00f6lyede \u00f6\u011frencilerin mesleki becerilerini geli\u015ftirmeye y\u00f6nelik \u00e7al\u0131\u015fmalar\u0131n\u0131 ilgiyle izleyen Kaymakam Dalak, giyim at\u00f6lyesinde tasar\u0131m ve dikim s\u00fcre\u00e7leri, \u00e7ocuk geli\u015fimi at\u00f6lyesinde materyal haz\u0131rlama, tar\u0131m alan\u0131nda seralardaki \u00fcretim faaliyetleri, muhasebe-finansman alan\u0131nda ise uygulamal\u0131 finans i\u015flemlerini incelendi.<br \/>\n<br \/>Program kapsam\u0131nda okul y\u00f6neticilerinden ve \u00f6\u011fretmenlerden y\u00fcr\u00fct\u00fclen projeler hakk\u0131nda bilgi alan Kaymakam Dalak, mesleki e\u011fitimin \u00f6nemine dikkat \u00e7ekerek \u00f6\u011frencileri \u00fcretim becerileri ve meslek bilinci kazanmaya te\u015fvik eden bu t\u00fcr \u00e7al\u0131\u015fmalar\u0131n desteklenmesi gerekti\u011fini ifade etti.<br \/>\n<br \/>Etkinlik, \u00f6\u011frencilerle yap\u0131lan k\u0131sa de\u011ferlendirme sohbetlerinin ard\u0131ndan hat\u0131ra foto\u011fraflar\u0131 \u00e7ekilmesiyle sona erdi.<br \/><\/p>\n","protected":false},"excerpt":{"rendered":"<p>Sar\u0131g\u00f6l Kaymakam\u0131 Halil Dalak, il\u00e7ede d\u00fczenlenen &#8220;At\u00f6lyede Bir G\u00fcn&#8221; etkinli\u011fine kat\u0131larak \u00f6\u011frencilerle birlikte hem diki\u015f dikti hem de \u00e7apa yaparak uygulamal\u0131 \u00e7al\u0131\u015fmalar ger\u00e7ekle\u015ftirdi. Kaymakam Dalak\u2019\u0131n aktif olarak \u00fcretim s\u00fcre\u00e7lerine kat\u0131lmas\u0131 \u00f6\u011frenciler taraf\u0131ndan ilgiyle kar\u015f\u0131land\u0131. Sar\u0131g\u00f6l Milli Egemenlik \u00c7ok Programl\u0131 Anadolu Lisesinde d\u00fczenlenen etkinlikte \u00f6\u011frencilerin farkl\u0131 at\u00f6lyelerdeki \u00e7al\u0131\u015fmalar\u0131 yerinde incelendi. Ziyarette \u0130l\u00e7e Milli E\u011fitim M\u00fcd\u00fcr\u00fc Cezmi&#8230;<\/p>\n","protected":false},"author":1,"featured_media":70419,"comment_status":"open","ping_status":"open","sticky":false,"template":"","format":"standard","meta":{"_crdt_document":"","footnotes":""},"categories":[1],"tags":[],"class_list":["post-70418","post","type-post","status-publish","format-standard","has-post-thumbnail","hentry","category-guncel"],"_links":{"self":[{"href":"https:\/\/www.egemtv.com\/index.php?rest_route=\/wp\/v2\/posts\/70418","targetHints":{"allow":["GET"]}}],"collection":[{"href":"https:\/\/www.egemtv.com\/index.php?rest_route=\/wp\/v2\/posts"}],"about":[{"href":"https:\/\/www.egemtv.com\/index.php?rest_route=\/wp\/v2\/types\/post"}],"author":[{"embeddable":true,"href":"https:\/\/www.egemtv.com\/index.php?rest_route=\/wp\/v2\/users\/1"}],"replies":[{"embeddable":true,"href":"https:\/\/www.egemtv.com\/index.php?rest_route=%2Fwp%2Fv2%2Fcomments&post=70418"}],"version-history":[{"count":1,"href":"https:\/\/www.egemtv.com\/index.php?rest_route=\/wp\/v2\/posts\/70418\/revisions"}],"predecessor-version":[{"id":70420,"href":"https:\/\/www.egemtv.com\/index.php?rest_route=\/wp\/v2\/posts\/70418\/revisions\/70420"}],"wp:featuredmedia":[{"embeddable":true,"href":"https:\/\/www.egemtv.com\/index.php?rest_route=\/wp\/v2\/media\/70419"}],"wp:attachment":[{"href":"https:\/\/www.egemtv.com\/index.php?rest_route=%2Fwp%2Fv2%2Fmedia&parent=70418"}],"wp:term":[{"taxonomy":"category","embeddable":true,"href":"https:\/\/www.egemtv.com\/index.php?rest_route=%2Fwp%2Fv2%2Fcategories&post=70418"},{"taxonomy":"post_tag","embeddable":true,"href":"https:\/\/www.egemtv.com\/index.php?rest_route=%2Fwp%2Fv2%2Ftags&post=70418"}],"curies":[{"name":"wp","href":"https:\/\/api.w.org\/{rel}","templated":true}]}}