{"id":70415,"date":"2025-11-27T10:14:57","date_gmt":"2025-11-27T07:14:57","guid":{"rendered":"https:\/\/www.egemtv.com\/?p=70415"},"modified":"2025-11-27T10:14:58","modified_gmt":"2025-11-27T07:14:58","slug":"datcada-26-yildir-ayakkabi-tamirciligi-yapiyor","status":"publish","type":"post","link":"https:\/\/www.egemtv.com\/?p=70415","title":{"rendered":"Dat\u00e7a\u2019da 26 y\u0131ld\u0131r ayakkab\u0131 tamircili\u011fi yap\u0131yor"},"content":{"rendered":"<p>Mu\u011fla\u2019n\u0131n Dat\u00e7a il\u00e7esinin tek ayakkab\u0131 tamircisi R\u0131dvan Arslan (43) 26 y\u0131ld\u0131r il\u00e7ede hizmet verirken, rakibinin olmamas\u0131n\u0131n kendini bir yandan sevindirdi\u011fini, bir yandan da \u00fczd\u00fc\u011f\u00fcn\u00fc dile getirdi.<\/p>\n<p>Dat\u00e7a Ambarc\u0131 Caddesi\u2019ndeki d\u00fckkan\u0131nda 26 y\u0131ldan bu yana il\u00e7e sakinlerine hizmet veren ayakkab\u0131 tamircisi Arslan, ayn\u0131 zamanda \u00e7anta, kemer, c\u00fczdan gibi \u00fcr\u00fcnlerin de tamirat\u0131n\u0131 ger\u00e7ekle\u015ftiriyor. 1999 D\u00fczce depremi sonras\u0131 Dat\u00e7a\u2019ya yerle\u015fen ve abisinin sayesinde mesle\u011fi ile tan\u0131\u015fan Arslan il\u00e7enin tek ayakkab\u0131 tamircisi olma \u00f6zelli\u011fini de ta\u015f\u0131yor. \u0130l\u00e7ede kendisinden ba\u015fka ayakkab\u0131 tamircisinin bulunmamas\u0131n\u0131n kendisini sevindirdi\u011fini, bir yandan da kendisinden sonra bu mesle\u011fi devam ettirecek birinin bulunmamas\u0131n\u0131n da endi\u015fe verici oldu\u011funu dile getirdi.<\/p>\n<p>&#8220;1999 Depremi sonras\u0131 Dat\u00e7a\u2019ya yerle\u015fti&#8221;<br \/>\n<br \/>Ayakkab\u0131 tamircisi Arslan\u2019\u0131n Dat\u00e7a ser\u00fcveni, 1999 D\u00fczce Depremi\u2019nden sonra ba\u015flarken, &#8220;Aslen Mardin Midyatl\u0131y\u0131m. 1999\u2019dan beri Dat\u00e7a\u2019day\u0131m ve o tarihten beri bu i\u015fi burada yap\u0131yorum. O zamanlar D\u00fczce\u2019deydim, depreme yakaland\u0131k, talihsiz bir d\u00f6nemdi. Sonra abim beni Dat\u00e7a\u2019ya getirdi. Esas ustam abimdir. Hem okula gidiyor hem de onun d\u00fckk\u00e2n\u0131nda \u00e7\u0131rakl\u0131k yap\u0131yordum&#8221; dedi.<\/p>\n<p>&#8220;Dat\u00e7a\u2019da bu mesle\u011fi yapan tek usta&#8221;<br \/>\n<br \/>Bug\u00fcn Dat\u00e7a\u2019daki tek ayakkab\u0131 tamircisi olan Arslan, y\u0131llard\u0131r hi\u00e7bir rakibi olmamas\u0131ndan memnun oldu\u011funu ifade ederek, &#8220;Bu i\u015fi Dat\u00e7a\u2019da tek ba\u015f\u0131ma yap\u0131yorum. Hi\u00e7 rakibim olmad\u0131, bundan mutluluk duydum. \u0130nsanlar beni seviyor, ben de insanlar\u0131 seviyorum. \u0130\u015fimi seviyorum, huzurluyum&#8221; \u015feklinde konu\u015ftu.<\/p>\n<p>&#8220;Ben b\u0131rak\u0131rsam Dat\u00e7a ayakkab\u0131s\u0131z kal\u0131r&#8221;<br \/>\n<br \/>Ayakkab\u0131c\u0131l\u0131k mesle\u011finin yok olmaya ba\u015flad\u0131\u011f\u0131n\u0131 s\u00f6yleyen Arslan, &#8220;Gen\u00e7ler bu i\u015flere ilgi g\u00f6stermiyor. Okul yok, te\u015fvik yok. Bir \u00e7\u0131ra\u011f\u0131m olsa \u00e7ok mutlu olurum. Arkamdan bu i\u015fi devam ettirecek biri yeti\u015fse ke\u015fke, ben b\u0131rak\u0131rsam Dat\u00e7a ayakkab\u0131s\u0131z kal\u0131r. Ger\u00e7ekten \u00fcz\u00fcc\u00fc bir durum. Bizim i\u015f sab\u0131r ister, emek ister. Ama \u00f6\u011frendi\u011finde \u00f6m\u00fcr boyu ekmek yedirir&#8221; diyerek mesle\u011fe sahip \u00e7\u0131k\u0131lmas\u0131 gerekti\u011fini vurgulad\u0131.<br \/><\/p>\n","protected":false},"excerpt":{"rendered":"<p>Mu\u011fla\u2019n\u0131n Dat\u00e7a il\u00e7esinin tek ayakkab\u0131 tamircisi R\u0131dvan Arslan (43) 26 y\u0131ld\u0131r il\u00e7ede hizmet verirken, rakibinin olmamas\u0131n\u0131n kendini bir yandan sevindirdi\u011fini, bir yandan da \u00fczd\u00fc\u011f\u00fcn\u00fc dile getirdi. Dat\u00e7a Ambarc\u0131 Caddesi\u2019ndeki d\u00fckkan\u0131nda 26 y\u0131ldan bu yana il\u00e7e sakinlerine hizmet veren ayakkab\u0131 tamircisi Arslan, ayn\u0131 zamanda \u00e7anta, kemer, c\u00fczdan gibi \u00fcr\u00fcnlerin de tamirat\u0131n\u0131 ger\u00e7ekle\u015ftiriyor. 1999 D\u00fczce depremi sonras\u0131&#8230;<\/p>\n","protected":false},"author":1,"featured_media":70416,"comment_status":"open","ping_status":"open","sticky":false,"template":"","format":"standard","meta":{"_crdt_document":"","footnotes":""},"categories":[123],"tags":[],"class_list":["post-70415","post","type-post","status-publish","format-standard","has-post-thumbnail","hentry","category-gundem"],"_links":{"self":[{"href":"https:\/\/www.egemtv.com\/index.php?rest_route=\/wp\/v2\/posts\/70415","targetHints":{"allow":["GET"]}}],"collection":[{"href":"https:\/\/www.egemtv.com\/index.php?rest_route=\/wp\/v2\/posts"}],"about":[{"href":"https:\/\/www.egemtv.com\/index.php?rest_route=\/wp\/v2\/types\/post"}],"author":[{"embeddable":true,"href":"https:\/\/www.egemtv.com\/index.php?rest_route=\/wp\/v2\/users\/1"}],"replies":[{"embeddable":true,"href":"https:\/\/www.egemtv.com\/index.php?rest_route=%2Fwp%2Fv2%2Fcomments&post=70415"}],"version-history":[{"count":1,"href":"https:\/\/www.egemtv.com\/index.php?rest_route=\/wp\/v2\/posts\/70415\/revisions"}],"predecessor-version":[{"id":70417,"href":"https:\/\/www.egemtv.com\/index.php?rest_route=\/wp\/v2\/posts\/70415\/revisions\/70417"}],"wp:featuredmedia":[{"embeddable":true,"href":"https:\/\/www.egemtv.com\/index.php?rest_route=\/wp\/v2\/media\/70416"}],"wp:attachment":[{"href":"https:\/\/www.egemtv.com\/index.php?rest_route=%2Fwp%2Fv2%2Fmedia&parent=70415"}],"wp:term":[{"taxonomy":"category","embeddable":true,"href":"https:\/\/www.egemtv.com\/index.php?rest_route=%2Fwp%2Fv2%2Fcategories&post=70415"},{"taxonomy":"post_tag","embeddable":true,"href":"https:\/\/www.egemtv.com\/index.php?rest_route=%2Fwp%2Fv2%2Ftags&post=70415"}],"curies":[{"name":"wp","href":"https:\/\/api.w.org\/{rel}","templated":true}]}}