{"id":70409,"date":"2025-11-27T10:14:56","date_gmt":"2025-11-27T07:14:56","guid":{"rendered":"https:\/\/www.egemtv.com\/?p=70409"},"modified":"2025-11-27T10:14:56","modified_gmt":"2025-11-27T07:14:56","slug":"emlak-ve-cevre-temizlik-vergisinin-2-taksit-odemeleri-devam-ediyor","status":"publish","type":"post","link":"https:\/\/www.egemtv.com\/?p=70409","title":{"rendered":"Emlak ve \u00c7evre Temizlik Vergisinin 2. taksit \u00f6demeleri devam ediyor"},"content":{"rendered":"<p>Emlak ve \u00c7evre Temizlik Vergisi\u2019nin 2. taksiti i\u00e7in \u00f6demeleri devam ediyor. Merkezefendi Belediyesi taraf\u0131ndan son \u00f6deme tarihinin 1 Aral\u0131k 2025 oldu\u011fu duyuruldu.<br \/>\n<br \/>Emlak ve \u00c7evre Temizlik Vergisi\u2019nin 2. Taksit \u00d6demeleri devam ediyor. \u00d6demeler, 1 Aral\u0131k Pazartesi g\u00fcn\u00fcne kadar devam edecek. Merkezefendi Belediyesi\u2019nden yap\u0131lan a\u00e7\u0131klamada vergi m\u00fckelleflerinin s\u00f6z konusu \u00f6demelerini Merkezefendi Belediyesi Ana Hizmet Binas\u0131 Veznesi, Merkezefendi K\u00fclt\u00fcr Merkezi Veznesi, Tapu ve Kadastro M\u00fcd\u00fcrl\u00fc\u011f\u00fc Veznesi\u2019nde bulunan veznelerden ve Merkezefendi Belediyesi web sitesi \u00fczerinden kolayl\u0131kla yap\u0131labilece\u011fi ifade edildi. Ana hizmet binas\u0131, Merkezefendi K\u00fclt\u00fcr Merkezi ve Tapu ve Kadastro M\u00fcd\u00fcrl\u00fc\u011f\u00fc\u2019nde bulunan vezneler hafta i\u00e7i 08.00 ile 17.00 saatleri aras\u0131nda hizmet veriyor. Ayr\u0131ca Merkezefendi Belediyesi Ana Hizmet Binas\u0131\u2019ndaki vezneler 29 Kas\u0131m Cumartesi ve 30 Kas\u0131m Pazar g\u00fcn\u00fc saat 09.00\u2019dan 17.00\u2019ye kadar a\u00e7\u0131k olacak.<br \/>\n<br \/>Merkezefendi Belediyesi, Emlak ve \u00c7evre Temizlik Vergisi\u2019nin \u00f6demeleri hususunda uyar\u0131da bulundu. Merkezefendi Belediyesi\u2019nden yap\u0131lan a\u00e7\u0131klamada, &#8220;Vatanda\u015flar\u0131m\u0131z, 1 Aral\u0131k Pazartesi g\u00fcn\u00fc mesai bitimine kadar emlak ve \u00e7evre temizlik vergilerinin 2. taksitlerini, TC kimlik numaras\u0131 veya m\u00fckellef sicil numaras\u0131 ile veznelerimize, nakit veya kredi kart\u0131yla \u00f6deyebileceklerdir. Vatanda\u015flar\u0131m\u0131z, 2. taksitlerini Merkezefendi Belediyemizin web sayfas\u0131ndan kredi kart\u0131 veya banka kart\u0131 ile belediyeye u\u011framadan da \u00f6demelerini ger\u00e7ekle\u015ftirebilecektir&#8221; ifadelerine yer verildi.<br \/><\/p>\n","protected":false},"excerpt":{"rendered":"<p>Emlak ve \u00c7evre Temizlik Vergisi\u2019nin 2. taksiti i\u00e7in \u00f6demeleri devam ediyor. Merkezefendi Belediyesi taraf\u0131ndan son \u00f6deme tarihinin 1 Aral\u0131k 2025 oldu\u011fu duyuruldu. Emlak ve \u00c7evre Temizlik Vergisi\u2019nin 2. Taksit \u00d6demeleri devam ediyor. \u00d6demeler, 1 Aral\u0131k Pazartesi g\u00fcn\u00fcne kadar devam edecek. Merkezefendi Belediyesi\u2019nden yap\u0131lan a\u00e7\u0131klamada vergi m\u00fckelleflerinin s\u00f6z konusu \u00f6demelerini Merkezefendi Belediyesi Ana Hizmet Binas\u0131 Veznesi,&#8230;<\/p>\n","protected":false},"author":1,"featured_media":70410,"comment_status":"open","ping_status":"open","sticky":false,"template":"","format":"standard","meta":{"_crdt_document":"","footnotes":""},"categories":[125],"tags":[],"class_list":["post-70409","post","type-post","status-publish","format-standard","has-post-thumbnail","hentry","category-ekonomi"],"_links":{"self":[{"href":"https:\/\/www.egemtv.com\/index.php?rest_route=\/wp\/v2\/posts\/70409","targetHints":{"allow":["GET"]}}],"collection":[{"href":"https:\/\/www.egemtv.com\/index.php?rest_route=\/wp\/v2\/posts"}],"about":[{"href":"https:\/\/www.egemtv.com\/index.php?rest_route=\/wp\/v2\/types\/post"}],"author":[{"embeddable":true,"href":"https:\/\/www.egemtv.com\/index.php?rest_route=\/wp\/v2\/users\/1"}],"replies":[{"embeddable":true,"href":"https:\/\/www.egemtv.com\/index.php?rest_route=%2Fwp%2Fv2%2Fcomments&post=70409"}],"version-history":[{"count":1,"href":"https:\/\/www.egemtv.com\/index.php?rest_route=\/wp\/v2\/posts\/70409\/revisions"}],"predecessor-version":[{"id":70411,"href":"https:\/\/www.egemtv.com\/index.php?rest_route=\/wp\/v2\/posts\/70409\/revisions\/70411"}],"wp:featuredmedia":[{"embeddable":true,"href":"https:\/\/www.egemtv.com\/index.php?rest_route=\/wp\/v2\/media\/70410"}],"wp:attachment":[{"href":"https:\/\/www.egemtv.com\/index.php?rest_route=%2Fwp%2Fv2%2Fmedia&parent=70409"}],"wp:term":[{"taxonomy":"category","embeddable":true,"href":"https:\/\/www.egemtv.com\/index.php?rest_route=%2Fwp%2Fv2%2Fcategories&post=70409"},{"taxonomy":"post_tag","embeddable":true,"href":"https:\/\/www.egemtv.com\/index.php?rest_route=%2Fwp%2Fv2%2Ftags&post=70409"}],"curies":[{"name":"wp","href":"https:\/\/api.w.org\/{rel}","templated":true}]}}