{"id":70406,"date":"2025-11-27T10:14:55","date_gmt":"2025-11-27T07:14:55","guid":{"rendered":"https:\/\/www.egemtv.com\/?p=70406"},"modified":"2025-11-27T10:14:55","modified_gmt":"2025-11-27T07:14:55","slug":"didim-belediyesinden-hayvan-haklarina-guclu-destek","status":"publish","type":"post","link":"https:\/\/www.egemtv.com\/?p=70406","title":{"rendered":"Didim Belediyesi\u2019nden hayvan haklar\u0131na g\u00fc\u00e7l\u00fc destek"},"content":{"rendered":"<p>Didim Belediyesi, sokak hayvanlar\u0131n\u0131n korunmas\u0131 ve ya\u015fam \u015fartlar\u0131n\u0131n iyile\u015ftirilmesine y\u00f6nelik projeleri g\u00fc\u00e7lendirmek i\u00e7in sivil toplum temsilcileriyle i\u015f birli\u011fine haz\u0131rlan\u0131yor.<\/p>\n<p>Didim Belediyesi, sokak hayvanlar\u0131n\u0131n korunmas\u0131 ve ya\u015fam \u015fartlar\u0131n\u0131n iyile\u015ftirilmesine y\u00f6nelik \u00e7al\u0131\u015fmalar\u0131na h\u0131z kesmeden devam ediyor. Bu kapsamda Didim Belediye Ba\u015fkan\u0131 Hatice Gen\u00e7ay, Ayd\u0131n Hayvan Haklar\u0131 E\u011fitim Hareketi Derne\u011fi Ba\u015fkan\u0131 Jale Ko\u00e7\u2019u makam\u0131nda kabul etti. Didim Belediyesi\u2019ni ziyaret eden Ko\u00e7, Ba\u015fkan Hatice Gen\u00e7ay ile hayvan haklar\u0131na y\u00f6nelik \u00e7al\u0131\u015fmalar hakk\u0131nda g\u00f6r\u00fc\u015f al\u0131\u015fveri\u015finde bulundu.<\/p>\n<p>Didim Belediyesi, sokak hayvanlar\u0131n\u0131n korunmas\u0131 ve ya\u015fam \u015fartlar\u0131n\u0131n iyile\u015ftirilmesi i\u00e7in y\u00fcr\u00fctt\u00fc\u011f\u00fc \u00e7al\u0131\u015fmalar\u0131 daha da geli\u015ftirmeye haz\u0131rlan\u0131yor. Ziyarette, Didim\u2019in &#8220;hayvan dostu kent&#8221; vizyonunu g\u00fc\u00e7lendirecek yeni projeler ve ortak \u00e7al\u0131\u015fmalar ele al\u0131nd\u0131. Ba\u015fkan Hatice Gen\u00e7ay, konuyla ilgili yapt\u0131\u011f\u0131 a\u00e7\u0131klamada, &#8220;Didim\u2019i t\u00fcm canl\u0131lar\u0131n g\u00fcvenle ya\u015fayabildi\u011fi bir kent yapmak i\u00e7in kararl\u0131l\u0131kla \u00e7al\u0131\u015f\u0131yoruz. Hayvan haklar\u0131 konusunda y\u00fcr\u00fctt\u00fc\u011f\u00fcm\u00fcz \u00e7al\u0131\u015fmalar yaln\u0131zca bir belediye hizmeti de\u011fil, vicdani bir sorumluluktur. G\u00f6ky\u00fcz\u00fc kadar geni\u015f bir merhamet anlay\u0131\u015f\u0131yla, t\u00fcm canl\u0131lar\u0131n ya\u015fam hakk\u0131n\u0131 korumaya y\u00f6nelik \u00e7al\u0131\u015fmalar\u0131m\u0131z\u0131 s\u00fcrd\u00fcrece\u011fiz&#8221; dedi.<\/p>\n<p>Ziyaret kapsam\u0131nda misafir heyet, Didim Belediyesi Sokak Hayvanlar\u0131 Tedavi ve Ge\u00e7ici Bak\u0131m Merkezi\u2019nde incelemelerde bulunarak tedavi, bak\u0131m ve rehabilitasyon s\u00fcre\u00e7leri hakk\u0131nda bilgi ald\u0131. Belediye ekipleri, merkezde y\u00fcr\u00fct\u00fclen \u00e7al\u0131\u015fmalar\u0131 detaylar\u0131yla aktard\u0131. Didim Belediyesi, sokak hayvanlar\u0131n\u0131n korunmas\u0131na y\u00f6nelik fark\u0131ndal\u0131\u011f\u0131 art\u0131rmay\u0131 ve daha kapsay\u0131c\u0131 projeleri hayata ge\u00e7irmeyi hedeflerken, Ba\u015fkan Gen\u00e7ay hayvan haklar\u0131 bilincinin toplum genelinde g\u00fc\u00e7lenmesinin \u00f6nemine vurgu yapt\u0131.<br \/><\/p>\n","protected":false},"excerpt":{"rendered":"<p>Didim Belediyesi, sokak hayvanlar\u0131n\u0131n korunmas\u0131 ve ya\u015fam \u015fartlar\u0131n\u0131n iyile\u015ftirilmesine y\u00f6nelik projeleri g\u00fc\u00e7lendirmek i\u00e7in sivil toplum temsilcileriyle i\u015f birli\u011fine haz\u0131rlan\u0131yor. Didim Belediyesi, sokak hayvanlar\u0131n\u0131n korunmas\u0131 ve ya\u015fam \u015fartlar\u0131n\u0131n iyile\u015ftirilmesine y\u00f6nelik \u00e7al\u0131\u015fmalar\u0131na h\u0131z kesmeden devam ediyor. Bu kapsamda Didim Belediye Ba\u015fkan\u0131 Hatice Gen\u00e7ay, Ayd\u0131n Hayvan Haklar\u0131 E\u011fitim Hareketi Derne\u011fi Ba\u015fkan\u0131 Jale Ko\u00e7\u2019u makam\u0131nda kabul etti. Didim Belediyesi\u2019ni&#8230;<\/p>\n","protected":false},"author":1,"featured_media":70407,"comment_status":"open","ping_status":"open","sticky":false,"template":"","format":"standard","meta":{"_crdt_document":"","footnotes":""},"categories":[1],"tags":[],"class_list":["post-70406","post","type-post","status-publish","format-standard","has-post-thumbnail","hentry","category-guncel"],"_links":{"self":[{"href":"https:\/\/www.egemtv.com\/index.php?rest_route=\/wp\/v2\/posts\/70406","targetHints":{"allow":["GET"]}}],"collection":[{"href":"https:\/\/www.egemtv.com\/index.php?rest_route=\/wp\/v2\/posts"}],"about":[{"href":"https:\/\/www.egemtv.com\/index.php?rest_route=\/wp\/v2\/types\/post"}],"author":[{"embeddable":true,"href":"https:\/\/www.egemtv.com\/index.php?rest_route=\/wp\/v2\/users\/1"}],"replies":[{"embeddable":true,"href":"https:\/\/www.egemtv.com\/index.php?rest_route=%2Fwp%2Fv2%2Fcomments&post=70406"}],"version-history":[{"count":1,"href":"https:\/\/www.egemtv.com\/index.php?rest_route=\/wp\/v2\/posts\/70406\/revisions"}],"predecessor-version":[{"id":70408,"href":"https:\/\/www.egemtv.com\/index.php?rest_route=\/wp\/v2\/posts\/70406\/revisions\/70408"}],"wp:featuredmedia":[{"embeddable":true,"href":"https:\/\/www.egemtv.com\/index.php?rest_route=\/wp\/v2\/media\/70407"}],"wp:attachment":[{"href":"https:\/\/www.egemtv.com\/index.php?rest_route=%2Fwp%2Fv2%2Fmedia&parent=70406"}],"wp:term":[{"taxonomy":"category","embeddable":true,"href":"https:\/\/www.egemtv.com\/index.php?rest_route=%2Fwp%2Fv2%2Fcategories&post=70406"},{"taxonomy":"post_tag","embeddable":true,"href":"https:\/\/www.egemtv.com\/index.php?rest_route=%2Fwp%2Fv2%2Ftags&post=70406"}],"curies":[{"name":"wp","href":"https:\/\/api.w.org\/{rel}","templated":true}]}}