{"id":70400,"date":"2025-11-27T09:34:46","date_gmt":"2025-11-27T06:34:46","guid":{"rendered":"https:\/\/www.egemtv.com\/?p=70400"},"modified":"2025-11-27T09:34:46","modified_gmt":"2025-11-27T06:34:46","slug":"tepecik-hafizlik-kiz-kuran-kursu-yukseliyor","status":"publish","type":"post","link":"https:\/\/www.egemtv.com\/?p=70400","title":{"rendered":"Tepecik Haf\u0131zl\u0131k K\u0131z Kur\u2019an Kursu y\u00fckseliyor"},"content":{"rendered":"<p>Ayd\u0131n\u2019\u0131n Efeler il\u00e7esi Tepecik Mahallesi\u2019nde, hay\u0131rseverlerin katk\u0131lar\u0131yla temeli at\u0131lan Tepecik Haf\u0131zl\u0131k  K\u0131z Kur\u2019an Kursu in\u015faat\u0131 h\u0131zla y\u00fckseliyor.<\/p>\n<p>Tamamland\u0131\u011f\u0131nda b\u00f6lgeye \u00f6nemli bir e\u011fitim hizmeti sunacak olan bu g\u00fczide yap\u0131, hem k\u0131z \u00f6\u011frencilerin haf\u0131zl\u0131k e\u011fitimine imk\u00e2n sa\u011flayacak hem de b\u00f6lgedeki din e\u011fitimi ihtiyac\u0131na kal\u0131c\u0131 bir \u00e7\u00f6z\u00fcm olacak. Tabliye betonunun dualarla d\u00f6k\u00fcld\u00fc\u011f\u00fc in\u015faat alan\u0131nda konu\u015fan Ayd\u0131n \u0130l M\u00fcft\u00fcs\u00fc Hasan G\u00fcne\u015f, duygular\u0131n\u0131, &#8220;Bug\u00fcn burada sadece bir yap\u0131 de\u011fil; ilim, irfan ve haf\u0131zl\u0131k yolunda gelece\u011fe at\u0131lan bir temel var. Bu kurs tamamland\u0131\u011f\u0131nda, in\u015fallah nice yavrumuz burada Kur\u2019an\u2019la b\u00fcy\u00fcyecek, haf\u0131z olacak. Her tu\u011flas\u0131nda bir hay\u0131r, her harc\u0131nda bir dua olacak. Eme\u011fi ge\u00e7en hay\u0131rseverlerimize, proje destek\u00e7ilerine ve dualar\u0131yla yan\u0131m\u0131zda olan herkese y\u00fcrekten te\u015fekk\u00fcr ediyorum. Rabbim bu eseri hay\u0131rla tamamlamay\u0131 nasip eylesin&#8221; s\u00f6zleri ile ifade etti.<\/p>\n<p>Efeler \u0130l\u00e7e M\u00fcft\u00fcs\u00fc Ramazan Co\u015fkun\u2019 da, kursun en k\u0131sa s\u00fcrede tamamlanarak hizmete a\u00e7\u0131lmas\u0131 i\u00e7in \u00e7al\u0131\u015fmalara h\u0131z kesmeden devam edilece\u011fini belirtti.<br \/><\/p>\n","protected":false},"excerpt":{"rendered":"<p>Ayd\u0131n\u2019\u0131n Efeler il\u00e7esi Tepecik Mahallesi\u2019nde, hay\u0131rseverlerin katk\u0131lar\u0131yla temeli at\u0131lan Tepecik Haf\u0131zl\u0131k K\u0131z Kur\u2019an Kursu in\u015faat\u0131 h\u0131zla y\u00fckseliyor. Tamamland\u0131\u011f\u0131nda b\u00f6lgeye \u00f6nemli bir e\u011fitim hizmeti sunacak olan bu g\u00fczide yap\u0131, hem k\u0131z \u00f6\u011frencilerin haf\u0131zl\u0131k e\u011fitimine imk\u00e2n sa\u011flayacak hem de b\u00f6lgedeki din e\u011fitimi ihtiyac\u0131na kal\u0131c\u0131 bir \u00e7\u00f6z\u00fcm olacak. Tabliye betonunun dualarla d\u00f6k\u00fcld\u00fc\u011f\u00fc in\u015faat alan\u0131nda konu\u015fan Ayd\u0131n \u0130l M\u00fcft\u00fcs\u00fc&#8230;<\/p>\n","protected":false},"author":1,"featured_media":70401,"comment_status":"open","ping_status":"open","sticky":false,"template":"","format":"standard","meta":{"_crdt_document":"","footnotes":""},"categories":[1],"tags":[],"class_list":["post-70400","post","type-post","status-publish","format-standard","has-post-thumbnail","hentry","category-guncel"],"_links":{"self":[{"href":"https:\/\/www.egemtv.com\/index.php?rest_route=\/wp\/v2\/posts\/70400","targetHints":{"allow":["GET"]}}],"collection":[{"href":"https:\/\/www.egemtv.com\/index.php?rest_route=\/wp\/v2\/posts"}],"about":[{"href":"https:\/\/www.egemtv.com\/index.php?rest_route=\/wp\/v2\/types\/post"}],"author":[{"embeddable":true,"href":"https:\/\/www.egemtv.com\/index.php?rest_route=\/wp\/v2\/users\/1"}],"replies":[{"embeddable":true,"href":"https:\/\/www.egemtv.com\/index.php?rest_route=%2Fwp%2Fv2%2Fcomments&post=70400"}],"version-history":[{"count":1,"href":"https:\/\/www.egemtv.com\/index.php?rest_route=\/wp\/v2\/posts\/70400\/revisions"}],"predecessor-version":[{"id":70402,"href":"https:\/\/www.egemtv.com\/index.php?rest_route=\/wp\/v2\/posts\/70400\/revisions\/70402"}],"wp:featuredmedia":[{"embeddable":true,"href":"https:\/\/www.egemtv.com\/index.php?rest_route=\/wp\/v2\/media\/70401"}],"wp:attachment":[{"href":"https:\/\/www.egemtv.com\/index.php?rest_route=%2Fwp%2Fv2%2Fmedia&parent=70400"}],"wp:term":[{"taxonomy":"category","embeddable":true,"href":"https:\/\/www.egemtv.com\/index.php?rest_route=%2Fwp%2Fv2%2Fcategories&post=70400"},{"taxonomy":"post_tag","embeddable":true,"href":"https:\/\/www.egemtv.com\/index.php?rest_route=%2Fwp%2Fv2%2Ftags&post=70400"}],"curies":[{"name":"wp","href":"https:\/\/api.w.org\/{rel}","templated":true}]}}