{"id":70397,"date":"2025-11-27T09:34:45","date_gmt":"2025-11-27T06:34:45","guid":{"rendered":"https:\/\/www.egemtv.com\/?p=70397"},"modified":"2025-11-27T09:34:45","modified_gmt":"2025-11-27T06:34:45","slug":"aydinda-sap-hastaligina-karsi-565-bin-687-doz-asi-uygulandi","status":"publish","type":"post","link":"https:\/\/www.egemtv.com\/?p=70397","title":{"rendered":"Ayd\u0131n\u2019da \u015fap hastal\u0131\u011f\u0131na kar\u015f\u0131 565 bin 687 doz a\u015f\u0131 uyguland\u0131"},"content":{"rendered":"<p>Ayd\u0131n genelinde \u015fap hastal\u0131\u011f\u0131yla m\u00fccadele kapsam\u0131nda y\u00fcr\u00fct\u00fclen a\u015f\u0131lama \u00e7al\u0131\u015fmalar\u0131 aral\u0131ks\u0131z s\u00fcrerken, bug\u00fcne kadar toplam 565 bin 687 doz \u015fap a\u015f\u0131s\u0131 uygulan\u0131rken, hayvan varl\u0131\u011f\u0131n\u0131n tamam\u0131 Sat-1 su\u015fu i\u00e7eren \u015fap a\u015f\u0131s\u0131yla a\u015f\u0131land\u0131.<\/p>\n<p>Ayd\u0131n genelinde s\u00fcrd\u00fcr\u00fclen yo\u011fun a\u015f\u0131lama \u00e7al\u0131\u015fmalar\u0131yla \u015fap hastal\u0131\u011f\u0131n\u0131n yay\u0131l\u0131m\u0131n\u0131n \u00f6n\u00fcne ge\u00e7ilmesi ve hayvanc\u0131l\u0131kta verim kay\u0131plar\u0131n\u0131n \u00f6nlenmesi hedefleniyor. \u015eap hastal\u0131\u011f\u0131na kar\u015f\u0131 y\u00fcr\u00fct\u00fclen \u00e7al\u0131\u015fmalar kapsam\u0131nda Ayd\u0131n \u0130l Tar\u0131m ve Orman \u0130l M\u00fcd\u00fcr\u00fc Ayhan Temiz, Efeler \u0130l\u00e7e M\u00fcd\u00fcrl\u00fc\u011f\u00fc Hayvan Sa\u011fl\u0131\u011f\u0131 personeliyle birlikte sahada incelemelerde bulunarak i\u015fletme ziyareti ger\u00e7ekle\u015ftirdi. Ziyarette \u0130l M\u00fcd\u00fcr Yard\u0131mc\u0131s\u0131 Dr. Hamit Eray Ye\u015fil\u00e7ay\u0131r ve Efeler \u0130l\u00e7e M\u00fcd\u00fcr\u00fc Mehmet Esen de haz\u0131r bulunarak i\u015fletme sahibine; hayvan hastal\u0131klar\u0131ndan korunmada en \u00f6nemli unsur olan a\u015f\u0131lama faaliyetleri ile biyog\u00fcvenlik tedbirlerinin \u00f6nemi hakk\u0131nda bilgilendirmelerde bulundu. Yetkililer, hastal\u0131k riskine kar\u015f\u0131 haz\u0131rlanan planlama do\u011frultusunda ikinci doz a\u015f\u0131lama \u00e7al\u0131\u015fmalar\u0131n\u0131n da h\u0131z kesmeden devam etti\u011fini belirtirken, yeti\u015ftiricilere a\u015f\u0131lama programlar\u0131na eksiksiz uyulmas\u0131 ve i\u015fletmelerde hijyen \u015fartlar\u0131n\u0131n titizlikle uygulanmas\u0131 \u00e7a\u011fr\u0131s\u0131nda bulundu.<br \/><\/p>\n","protected":false},"excerpt":{"rendered":"<p>Ayd\u0131n genelinde \u015fap hastal\u0131\u011f\u0131yla m\u00fccadele kapsam\u0131nda y\u00fcr\u00fct\u00fclen a\u015f\u0131lama \u00e7al\u0131\u015fmalar\u0131 aral\u0131ks\u0131z s\u00fcrerken, bug\u00fcne kadar toplam 565 bin 687 doz \u015fap a\u015f\u0131s\u0131 uygulan\u0131rken, hayvan varl\u0131\u011f\u0131n\u0131n tamam\u0131 Sat-1 su\u015fu i\u00e7eren \u015fap a\u015f\u0131s\u0131yla a\u015f\u0131land\u0131. Ayd\u0131n genelinde s\u00fcrd\u00fcr\u00fclen yo\u011fun a\u015f\u0131lama \u00e7al\u0131\u015fmalar\u0131yla \u015fap hastal\u0131\u011f\u0131n\u0131n yay\u0131l\u0131m\u0131n\u0131n \u00f6n\u00fcne ge\u00e7ilmesi ve hayvanc\u0131l\u0131kta verim kay\u0131plar\u0131n\u0131n \u00f6nlenmesi hedefleniyor. \u015eap hastal\u0131\u011f\u0131na kar\u015f\u0131 y\u00fcr\u00fct\u00fclen \u00e7al\u0131\u015fmalar kapsam\u0131nda Ayd\u0131n \u0130l&#8230;<\/p>\n","protected":false},"author":1,"featured_media":70398,"comment_status":"open","ping_status":"open","sticky":false,"template":"","format":"standard","meta":{"_crdt_document":"","footnotes":""},"categories":[1],"tags":[],"class_list":["post-70397","post","type-post","status-publish","format-standard","has-post-thumbnail","hentry","category-guncel"],"_links":{"self":[{"href":"https:\/\/www.egemtv.com\/index.php?rest_route=\/wp\/v2\/posts\/70397","targetHints":{"allow":["GET"]}}],"collection":[{"href":"https:\/\/www.egemtv.com\/index.php?rest_route=\/wp\/v2\/posts"}],"about":[{"href":"https:\/\/www.egemtv.com\/index.php?rest_route=\/wp\/v2\/types\/post"}],"author":[{"embeddable":true,"href":"https:\/\/www.egemtv.com\/index.php?rest_route=\/wp\/v2\/users\/1"}],"replies":[{"embeddable":true,"href":"https:\/\/www.egemtv.com\/index.php?rest_route=%2Fwp%2Fv2%2Fcomments&post=70397"}],"version-history":[{"count":1,"href":"https:\/\/www.egemtv.com\/index.php?rest_route=\/wp\/v2\/posts\/70397\/revisions"}],"predecessor-version":[{"id":70399,"href":"https:\/\/www.egemtv.com\/index.php?rest_route=\/wp\/v2\/posts\/70397\/revisions\/70399"}],"wp:featuredmedia":[{"embeddable":true,"href":"https:\/\/www.egemtv.com\/index.php?rest_route=\/wp\/v2\/media\/70398"}],"wp:attachment":[{"href":"https:\/\/www.egemtv.com\/index.php?rest_route=%2Fwp%2Fv2%2Fmedia&parent=70397"}],"wp:term":[{"taxonomy":"category","embeddable":true,"href":"https:\/\/www.egemtv.com\/index.php?rest_route=%2Fwp%2Fv2%2Fcategories&post=70397"},{"taxonomy":"post_tag","embeddable":true,"href":"https:\/\/www.egemtv.com\/index.php?rest_route=%2Fwp%2Fv2%2Ftags&post=70397"}],"curies":[{"name":"wp","href":"https:\/\/api.w.org\/{rel}","templated":true}]}}