{"id":70394,"date":"2025-11-27T06:34:30","date_gmt":"2025-11-27T03:34:30","guid":{"rendered":"https:\/\/www.egemtv.com\/?p=70394"},"modified":"2025-11-27T06:34:31","modified_gmt":"2025-11-27T03:34:31","slug":"kutahyada-apartman-yangini-1-kisi-hayatini-kaybetti-2-kisi-yaralandi","status":"publish","type":"post","link":"https:\/\/www.egemtv.com\/?p=70394","title":{"rendered":"K\u00fctahya\u2019da apartman yang\u0131n\u0131: 1 ki\u015fi hayat\u0131n\u0131 kaybetti, 2 ki\u015fi yaraland\u0131"},"content":{"rendered":"<p>K\u00fctahya\u2019da 9 katl\u0131 bir apartman\u0131n giri\u015f kat\u0131nda \u00e7\u0131kan yang\u0131nda 68 ya\u015f\u0131ndaki \u0130smet \u00c7ubuk ya\u015fam\u0131n\u0131 yitirdi, 2 ki\u015fi ise yaraland\u0131.<br \/>\n<br \/>Olay, saat 01.25 s\u0131ralar\u0131nda Atakent 75. Y\u0131l Mahallesi Uzman \u00c7avu\u015f Turgut G\u00fcnd\u00fcz Caddesi\u2019ndeki apartman\u0131n birinci kat\u0131nda meydana geldi. Alevleri g\u00f6ren \u00e7evredekilerin ihbar\u0131 \u00fczerine b\u00f6lgeye \u00e7ok say\u0131da itfaiye, sa\u011fl\u0131k ve polis ekibi sevk edildi. Polis ekipleri \u00e7evrede g\u00fcvenlik \u00f6nlemi al\u0131rken, apartman sakinleri tahliye edildi. Yang\u0131n, itfaiyenin m\u00fcdahalesiyle kontrol alt\u0131na al\u0131n\u0131p s\u00f6nd\u00fcr\u00fcld\u00fc.<br \/>\n<br \/>Ekiplerin i\u00e7eri girerek yapt\u0131\u011f\u0131 kontrolde, yang\u0131n s\u0131ras\u0131nda dairede mahsur kalan \u0130smet \u00c7ubuk\u2019un hayat\u0131n\u0131 kaybetti\u011fi tespit edildi. Yang\u0131nda yaralanan 2 ki\u015fi ise olay yerindeki ilk m\u00fcdahalenin ard\u0131ndan ambulanslarla hastaneye kald\u0131r\u0131ld\u0131.<br \/>\n<br \/>Olayla ilgili soru\u015fturma ba\u015flat\u0131ld\u0131.<br \/><\/p>\n","protected":false},"excerpt":{"rendered":"<p>K\u00fctahya\u2019da 9 katl\u0131 bir apartman\u0131n giri\u015f kat\u0131nda \u00e7\u0131kan yang\u0131nda 68 ya\u015f\u0131ndaki \u0130smet \u00c7ubuk ya\u015fam\u0131n\u0131 yitirdi, 2 ki\u015fi ise yaraland\u0131. Olay, saat 01.25 s\u0131ralar\u0131nda Atakent 75. Y\u0131l Mahallesi Uzman \u00c7avu\u015f Turgut G\u00fcnd\u00fcz Caddesi\u2019ndeki apartman\u0131n birinci kat\u0131nda meydana geldi. Alevleri g\u00f6ren \u00e7evredekilerin ihbar\u0131 \u00fczerine b\u00f6lgeye \u00e7ok say\u0131da itfaiye, sa\u011fl\u0131k ve polis ekibi sevk edildi. Polis ekipleri \u00e7evrede&#8230;<\/p>\n","protected":false},"author":1,"featured_media":70395,"comment_status":"open","ping_status":"open","sticky":false,"template":"","format":"standard","meta":{"_crdt_document":"","footnotes":""},"categories":[5],"tags":[],"class_list":["post-70394","post","type-post","status-publish","format-standard","has-post-thumbnail","hentry","category-asayis"],"_links":{"self":[{"href":"https:\/\/www.egemtv.com\/index.php?rest_route=\/wp\/v2\/posts\/70394","targetHints":{"allow":["GET"]}}],"collection":[{"href":"https:\/\/www.egemtv.com\/index.php?rest_route=\/wp\/v2\/posts"}],"about":[{"href":"https:\/\/www.egemtv.com\/index.php?rest_route=\/wp\/v2\/types\/post"}],"author":[{"embeddable":true,"href":"https:\/\/www.egemtv.com\/index.php?rest_route=\/wp\/v2\/users\/1"}],"replies":[{"embeddable":true,"href":"https:\/\/www.egemtv.com\/index.php?rest_route=%2Fwp%2Fv2%2Fcomments&post=70394"}],"version-history":[{"count":1,"href":"https:\/\/www.egemtv.com\/index.php?rest_route=\/wp\/v2\/posts\/70394\/revisions"}],"predecessor-version":[{"id":70396,"href":"https:\/\/www.egemtv.com\/index.php?rest_route=\/wp\/v2\/posts\/70394\/revisions\/70396"}],"wp:featuredmedia":[{"embeddable":true,"href":"https:\/\/www.egemtv.com\/index.php?rest_route=\/wp\/v2\/media\/70395"}],"wp:attachment":[{"href":"https:\/\/www.egemtv.com\/index.php?rest_route=%2Fwp%2Fv2%2Fmedia&parent=70394"}],"wp:term":[{"taxonomy":"category","embeddable":true,"href":"https:\/\/www.egemtv.com\/index.php?rest_route=%2Fwp%2Fv2%2Fcategories&post=70394"},{"taxonomy":"post_tag","embeddable":true,"href":"https:\/\/www.egemtv.com\/index.php?rest_route=%2Fwp%2Fv2%2Ftags&post=70394"}],"curies":[{"name":"wp","href":"https:\/\/api.w.org\/{rel}","templated":true}]}}