{"id":70370,"date":"2025-11-26T21:54:42","date_gmt":"2025-11-26T18:54:42","guid":{"rendered":"https:\/\/www.egemtv.com\/?p=70370"},"modified":"2025-11-26T21:54:42","modified_gmt":"2025-11-26T18:54:42","slug":"iki-tofas-arac-kafa-kafaya-carpisti-2si-agir-3-yarali","status":"publish","type":"post","link":"https:\/\/www.egemtv.com\/?p=70370","title":{"rendered":"\u0130ki Tofa\u015f ara\u00e7 kafa kafaya \u00e7arp\u0131\u015ft\u0131: 2\u2019si a\u011f\u0131r 3 yaral\u0131"},"content":{"rendered":"<p>Mu\u011fla\u2019n\u0131n K\u00f6yce\u011fiz il\u00e7esinde iki Tofa\u015f arac\u0131n kafa kafaya \u00e7arp\u0131\u015ft\u0131\u011f\u0131 kazada 2\u2019si a\u011f\u0131r 3 ki\u015fi yaraland\u0131.<br \/>\n<br \/>Kaza, Fethiye Mu\u011fla Karayolu\u2019nda saat 19.00 s\u0131ralar\u0131nda meydana geldi. Edinilen bilgiye g\u00f6re, E.T. idaresindeki 34 AB 2480 plakal\u0131  Fiat Tofa\u015f marka otomobil, Fethiye y\u00f6n\u00fcnden Mu\u011fla\u2019ya ilerlerken iddiaya g\u00f6re tali yoldan \u00e7evre yoluna kontrols\u00fczce \u00e7\u0131kan S.B. y\u00f6netimindeki 48 ATH 180 plakal\u0131 Fiat Tofa\u015f ara\u00e7la \u00e7arp\u0131\u015ft\u0131. Kazada 3 ki\u015fi s\u0131k\u0131\u015farak yaralan\u0131rken, \u00e7evredekiler durumu 112 Acil \u00c7a\u011fr\u0131 Merkezi\u2019ne bildirdi. \u0130hbar \u00fczerine b\u00f6lgeye sa\u011fl\u0131k, polis ve itfaiye ekipleri sevk edildi. K\u0131sa s\u00fcrede olay yerine gelen Mu\u011fla B\u00fcy\u00fck\u015fehir Belediyesi \u0130tfaiye Daire Ba\u015fkanl\u0131\u011f\u0131 ekipleri ara\u00e7larda s\u0131k\u0131\u015fan yaral\u0131lar\u0131 \u00e7\u0131kartarak sa\u011fl\u0131k ekiplerine teslim etti. Sa\u011fl\u0131k ekipleri taraf\u0131ndan da ilk m\u00fcdahaleleri yap\u0131lan yaral\u0131lar ambulanslarla hastaneye kald\u0131r\u0131ld\u0131.<br \/>\n<br \/>Kaza sonras\u0131 Fethiye-Mu\u011fla karayolu her iki y\u00f6nde  trafi\u011fe kapat\u0131ld\u0131. Her iki y\u00f6nde de uzun ara\u00e7 kuyruklar\u0131 olu\u015ftu. Hastaneye kald\u0131r\u0131lan yaral\u0131lardan 2\u2019sinin hayati tehlikesinin bulundu\u011fu \u00f6\u011frenildi. Kazaya kar\u0131\u015fan ara\u00e7lar\u0131n b\u00f6lgeden kald\u0131r\u0131lmas\u0131 ve yolun temizlenmesi ile yolda trafik ak\u0131\u015f\u0131 normale d\u00f6nd\u00fc.<br \/>\n<br \/>Kazayla ilgili soru\u015fturma s\u00fcr\u00fcyor.<br \/><\/p>\n","protected":false},"excerpt":{"rendered":"<p>Mu\u011fla\u2019n\u0131n K\u00f6yce\u011fiz il\u00e7esinde iki Tofa\u015f arac\u0131n kafa kafaya \u00e7arp\u0131\u015ft\u0131\u011f\u0131 kazada 2\u2019si a\u011f\u0131r 3 ki\u015fi yaraland\u0131. Kaza, Fethiye Mu\u011fla Karayolu\u2019nda saat 19.00 s\u0131ralar\u0131nda meydana geldi. Edinilen bilgiye g\u00f6re, E.T. idaresindeki 34 AB 2480 plakal\u0131 Fiat Tofa\u015f marka otomobil, Fethiye y\u00f6n\u00fcnden Mu\u011fla\u2019ya ilerlerken iddiaya g\u00f6re tali yoldan \u00e7evre yoluna kontrols\u00fczce \u00e7\u0131kan S.B. y\u00f6netimindeki 48 ATH 180 plakal\u0131&#8230;<\/p>\n","protected":false},"author":1,"featured_media":70371,"comment_status":"open","ping_status":"open","sticky":false,"template":"","format":"standard","meta":{"_crdt_document":"","footnotes":""},"categories":[5],"tags":[],"class_list":["post-70370","post","type-post","status-publish","format-standard","has-post-thumbnail","hentry","category-asayis"],"_links":{"self":[{"href":"https:\/\/www.egemtv.com\/index.php?rest_route=\/wp\/v2\/posts\/70370","targetHints":{"allow":["GET"]}}],"collection":[{"href":"https:\/\/www.egemtv.com\/index.php?rest_route=\/wp\/v2\/posts"}],"about":[{"href":"https:\/\/www.egemtv.com\/index.php?rest_route=\/wp\/v2\/types\/post"}],"author":[{"embeddable":true,"href":"https:\/\/www.egemtv.com\/index.php?rest_route=\/wp\/v2\/users\/1"}],"replies":[{"embeddable":true,"href":"https:\/\/www.egemtv.com\/index.php?rest_route=%2Fwp%2Fv2%2Fcomments&post=70370"}],"version-history":[{"count":1,"href":"https:\/\/www.egemtv.com\/index.php?rest_route=\/wp\/v2\/posts\/70370\/revisions"}],"predecessor-version":[{"id":70372,"href":"https:\/\/www.egemtv.com\/index.php?rest_route=\/wp\/v2\/posts\/70370\/revisions\/70372"}],"wp:featuredmedia":[{"embeddable":true,"href":"https:\/\/www.egemtv.com\/index.php?rest_route=\/wp\/v2\/media\/70371"}],"wp:attachment":[{"href":"https:\/\/www.egemtv.com\/index.php?rest_route=%2Fwp%2Fv2%2Fmedia&parent=70370"}],"wp:term":[{"taxonomy":"category","embeddable":true,"href":"https:\/\/www.egemtv.com\/index.php?rest_route=%2Fwp%2Fv2%2Fcategories&post=70370"},{"taxonomy":"post_tag","embeddable":true,"href":"https:\/\/www.egemtv.com\/index.php?rest_route=%2Fwp%2Fv2%2Ftags&post=70370"}],"curies":[{"name":"wp","href":"https:\/\/api.w.org\/{rel}","templated":true}]}}