{"id":7037,"date":"2025-01-11T19:57:36","date_gmt":"2025-01-11T16:57:36","guid":{"rendered":"https:\/\/www.egemtv.com\/?p=7037"},"modified":"2025-01-11T19:59:32","modified_gmt":"2025-01-11T16:59:32","slug":"farkli-irklardan-bin-750-kanatli-hayvan-ve-sus-tavugu-ispartada","status":"publish","type":"post","link":"https:\/\/www.egemtv.com\/?p=7037","title":{"rendered":"Farkl\u0131 \u0131rklardan bin 750 kanatl\u0131 hayvan ve s\u00fcs tavu\u011fu Isparta\u2019da"},"content":{"rendered":"<p>Isparta Belediyesi\u2019nin katk\u0131lar\u0131yla T\u00fcrkiye S\u00fcs Tavuklar\u0131 ve Bah\u00e7e Hayvanlar\u0131 Federasyonu taraf\u0131ndan 8. Ulusal K\u00fcmes Hayvanlar\u0131 G\u00f6sterisi d\u00fczenlendi. G\u00f6steride yakla\u015f\u0131k 1750 kanatl\u0131 hayvan ve s\u00fcs tavu\u011fu sergileniyor.<br \/>\n<br \/>Isparta Belediyesi, farkl\u0131 organizasyonlara ev sahipli\u011fi yapmaya devam ediyor. Bu kapsamda 11-12 Ocak tarihleri aras\u0131nda Isparta Belediyesi\u2019nin katk\u0131lar\u0131yla T\u00fcrkiye S\u00fcs Tavuklar\u0131 ve Bah\u00e7e Hayvanlar\u0131 Federasyonunca 8. Ulusal K\u00fcmes Hayvanlar\u0131 G\u00f6sterisi d\u00fczenlendi. Farkl\u0131 \u015fehirlerden gelen yakla\u015f\u0131k 1750 s\u00fcs tavu\u011fu, bah\u00e7e ve kanatl\u0131 hayvan yurt d\u0131\u015f\u0131ndan gelen hakemler taraf\u0131ndan de\u011ferlendirildi. De\u011ferlendirmeler ve puanlamalar sonucunda 12 Ocak Pazar g\u00fcn\u00fc \u00f6d\u00fcl t\u00f6reni yap\u0131lacak. De\u011ferlendirmelerin ard\u0131ndan 8. Ulusal K\u00fcmes Hayvanlar\u0131 G\u00f6sterisi vatanda\u015flar\u0131n ziyaretlerine a\u00e7\u0131ld\u0131.<br \/>\n<br \/>Vatanda\u015flar\u0131n ilk g\u00fcn ilgi g\u00f6sterdi\u011fi g\u00f6steri 12 Ocak Pazar g\u00fcn\u00fc saat 15.30\u2019a kadar ziyaret edilebilecek. G\u00f6steri bu y\u0131l T\u00fcrkiye S\u00fcs Tavuklar\u0131 Federasyon eski Ba\u015fkan\u0131 ve Afyon Dernek eski Ba\u015fkan\u0131 merhum \u00d6zcan \u00c7etin an\u0131s\u0131na ger\u00e7ekle\u015ftiriliyor.<br \/>\n<br \/>Isparta Belediye Ba\u015fkan Yard\u0131mc\u0131lar\u0131 U\u011fur B\u00fcy\u00fck\u00e7ulcu, \u00d6zler Erdo\u011fan, Musa Macit ve belediye meclis \u00fcyeleri, 8. Ulusal K\u00fcmes Hayvanlar\u0131 G\u00f6sterisini ziyaret ettiler.<br \/>\n<br \/>1530\u2019u tavuk \u0131rk\u0131, 140 g\u00fcvercin \u0131rk\u0131, 80 kadar da tav\u015fan\u0131 olma \u00fczere yakla\u015f\u0131k 1750 hayvan\u0131n kat\u0131ld\u0131\u011f\u0131 g\u00f6steride hayvanlar aras\u0131nda g\u00fczellik yar\u0131\u015fmas\u0131 da yap\u0131ld\u0131. Yurtd\u0131\u015f\u0131ndan da 40 ki\u015fi konaklamal\u0131 olarak Isparta\u2019ya gelirken \u015fehir 2 bine yak\u0131n da il d\u0131\u015f\u0131ndan misafirimiz a\u011f\u0131rlad\u0131. Ge\u00e7en y\u0131l 110 bin ziyaret\u00e7inin takip etti\u011fi g\u00f6steriye bu y\u0131l  150 bin ziyaret\u00e7i bekleniyor. Isparta Belediye Ba\u015fkan\u0131 \u015e\u00fckr\u00fc Ba\u015fde\u011firmenin destekleriyle ger\u00e7ekle\u015fen g\u00f6steri 12 Ocak  \u00f6\u011fleden sonra 15.30\u2019a kadar a\u00e7\u0131k olacak.<br \/>\n<br \/>Isparta Belediye Ba\u015fkan Yard\u0131mc\u0131s\u0131 U\u011fur B\u00fcy\u00fck\u00e7ulcu, Isparta Belediyesi\u2019nin katk\u0131lar\u0131yla d\u00fczenlenen Ulusal K\u00fcmes Hayvanlar\u0131 G\u00f6sterisinin Isparta\u2019da ikinci kez ger\u00e7ekle\u015ftirildi\u011fini belirtti. B\u00fcy\u00fck\u00e7ulcu, &#8220;\u015eehrimizde bu organizasyon sayesinde 2 binin \u00fczerinde misafir a\u011f\u0131rl\u0131yoruz. Yakla\u015f\u0131k 1750 hayvan\u0131n sergilendi\u011fi etkinli\u011fe ev sahipli\u011fi yap\u0131yoruz. Pazar g\u00fcn\u00fc saat 15.30\u2019a kadar kap\u0131lar\u0131m\u0131z a\u00e7\u0131k. T\u00fcm hem\u015fehrilerimizi bu etkinli\u011fe davet ediyoruz&#8221; dedi.<br \/>\n<br \/><img fetchpriority=\"high\" decoding=\"async\" width=\"1280\" height=\"853\" src=\"https:\/\/www.egemtv.com\/wp-content\/uploads\/2025\/01\/farkli-irklardan-bin-750-kanatli-hayvan-ve-sus-tavugu-ispartada_f6b0356d7076.jpg\" class=\"attachment-full size-full not-transparent\" alt=\"\" data-has-transparency=\"false\" data-dominant-color=\"847d75\" style=\"--dominant-color: #847d75\" \/><img decoding=\"async\" width=\"1280\" height=\"853\" src=\"https:\/\/www.egemtv.com\/wp-content\/uploads\/2025\/01\/farkli-irklardan-bin-750-kanatli-hayvan-ve-sus-tavugu-ispartada_5f1e02003838.jpg\" class=\"attachment-full size-full not-transparent\" alt=\"\" data-has-transparency=\"false\" data-dominant-color=\"503132\" style=\"--dominant-color: #503132\" \/><img decoding=\"async\" width=\"1280\" height=\"853\" src=\"https:\/\/www.egemtv.com\/wp-content\/uploads\/2025\/01\/farkli-irklardan-bin-750-kanatli-hayvan-ve-sus-tavugu-ispartada_9e8fa21ff054.jpg\" class=\"attachment-full size-full not-transparent\" alt=\"\" data-has-transparency=\"false\" data-dominant-color=\"817e7c\" style=\"--dominant-color: #817e7c\" \/><img loading=\"lazy\" decoding=\"async\" width=\"1280\" height=\"853\" src=\"https:\/\/www.egemtv.com\/wp-content\/uploads\/2025\/01\/farkli-irklardan-bin-750-kanatli-hayvan-ve-sus-tavugu-ispartada_dd16021bdb9c.jpg\" class=\"attachment-full size-full not-transparent\" alt=\"\" data-has-transparency=\"false\" data-dominant-color=\"71695e\" style=\"--dominant-color: #71695e\" \/><img loading=\"lazy\" decoding=\"async\" width=\"1280\" height=\"853\" src=\"https:\/\/www.egemtv.com\/wp-content\/uploads\/2025\/01\/farkli-irklardan-bin-750-kanatli-hayvan-ve-sus-tavugu-ispartada_756fe4089bde.jpg\" class=\"attachment-full size-full not-transparent\" alt=\"\" data-has-transparency=\"false\" data-dominant-color=\"75706c\" style=\"--dominant-color: #75706c\" \/><\/p>\n","protected":false},"excerpt":{"rendered":"<p>Isparta Belediyesi\u2019nin katk\u0131lar\u0131yla T\u00fcrkiye S\u00fcs Tavuklar\u0131 ve Bah\u00e7e Hayvanlar\u0131 Federasyonu taraf\u0131ndan 8. Ulusal K\u00fcmes Hayvanlar\u0131 G\u00f6sterisi d\u00fczenlendi. G\u00f6steride yakla\u015f\u0131k 1750 kanatl\u0131 hayvan ve s\u00fcs tavu\u011fu sergileniyor. Isparta Belediyesi, farkl\u0131 organizasyonlara ev sahipli\u011fi yapmaya devam ediyor. Bu kapsamda 11-12 Ocak tarihleri aras\u0131nda Isparta Belediyesi\u2019nin katk\u0131lar\u0131yla T\u00fcrkiye S\u00fcs Tavuklar\u0131 ve Bah\u00e7e Hayvanlar\u0131 Federasyonunca 8. Ulusal K\u00fcmes Hayvanlar\u0131&#8230;<\/p>\n","protected":false},"author":1,"featured_media":7038,"comment_status":"open","ping_status":"open","sticky":false,"template":"","format":"standard","meta":{"_crdt_document":"","footnotes":""},"categories":[1],"tags":[],"class_list":["post-7037","post","type-post","status-publish","format-standard","has-post-thumbnail","hentry","category-guncel"],"_links":{"self":[{"href":"https:\/\/www.egemtv.com\/index.php?rest_route=\/wp\/v2\/posts\/7037","targetHints":{"allow":["GET"]}}],"collection":[{"href":"https:\/\/www.egemtv.com\/index.php?rest_route=\/wp\/v2\/posts"}],"about":[{"href":"https:\/\/www.egemtv.com\/index.php?rest_route=\/wp\/v2\/types\/post"}],"author":[{"embeddable":true,"href":"https:\/\/www.egemtv.com\/index.php?rest_route=\/wp\/v2\/users\/1"}],"replies":[{"embeddable":true,"href":"https:\/\/www.egemtv.com\/index.php?rest_route=%2Fwp%2Fv2%2Fcomments&post=7037"}],"version-history":[{"count":2,"href":"https:\/\/www.egemtv.com\/index.php?rest_route=\/wp\/v2\/posts\/7037\/revisions"}],"predecessor-version":[{"id":7054,"href":"https:\/\/www.egemtv.com\/index.php?rest_route=\/wp\/v2\/posts\/7037\/revisions\/7054"}],"wp:featuredmedia":[{"embeddable":true,"href":"https:\/\/www.egemtv.com\/index.php?rest_route=\/wp\/v2\/media\/7038"}],"wp:attachment":[{"href":"https:\/\/www.egemtv.com\/index.php?rest_route=%2Fwp%2Fv2%2Fmedia&parent=7037"}],"wp:term":[{"taxonomy":"category","embeddable":true,"href":"https:\/\/www.egemtv.com\/index.php?rest_route=%2Fwp%2Fv2%2Fcategories&post=7037"},{"taxonomy":"post_tag","embeddable":true,"href":"https:\/\/www.egemtv.com\/index.php?rest_route=%2Fwp%2Fv2%2Ftags&post=7037"}],"curies":[{"name":"wp","href":"https:\/\/api.w.org\/{rel}","templated":true}]}}