{"id":70367,"date":"2025-11-26T21:14:48","date_gmt":"2025-11-26T18:14:48","guid":{"rendered":"https:\/\/www.egemtv.com\/?p=70367"},"modified":"2025-11-26T21:14:49","modified_gmt":"2025-11-26T18:14:49","slug":"ak-partili-baskanlardan-kulada-esnaf-ve-ev-ziyaretleri","status":"publish","type":"post","link":"https:\/\/www.egemtv.com\/?p=70367","title":{"rendered":"AK Parti\u2019li ba\u015fkanlardan Kula\u2019da esnaf ve ev ziyaretleri"},"content":{"rendered":"<p>Manisa\u2019n\u0131n Kula il\u00e7esinde AK Parti Manisa \u0130l Ba\u015fkan\u0131 S\u00fcleyman Turgut, Kula \u0130l\u00e7e Ba\u015fkan\u0131 Nejat G\u00fclmez ve 16 il\u00e7e ba\u015fkan\u0131yla birlikte esnaf ziyaretleri ger\u00e7ekle\u015ftirdi.<br \/>\n<br \/>AK Parti Manisa \u0130l Ba\u015fkanl\u0131\u011f\u0131 \u00f6nderli\u011finde Kula il\u00e7esinde d\u00fczenlenen il\u00e7e ba\u015fkanlar\u0131 toplant\u0131s\u0131n\u0131n ard\u0131ndan, AK Parti Manisa \u0130l Ba\u015fkan\u0131 S\u00fcleyman Turgut, Kula \u0130l\u00e7e Ba\u015fkan\u0131 Nejat G\u00fclmez ve 16 il\u00e7e ba\u015fkan\u0131yla birlikte esnaf ziyaretleri ger\u00e7ekle\u015ftirdi. \u0130l\u00e7e merkezinde tek tek i\u015f yerlerini gezen heyet, esnaflar\u0131n taleplerini dinleyerek isti\u015farelerde bulundu.<br \/>\n<br \/>Esnaf ziyaretlerinin ard\u0131ndan program hane ziyaretleriyle devam etti. \u0130l\u00e7e Ba\u015fkan\u0131 Nejat G\u00fclmez, 17 il\u00e7e ba\u015fkan\u0131 ve beraberindeki heyetle birlikte 17 farkl\u0131 eve misafir oldu. Her hanede sofra kuruldu.<br \/>\n<br \/>Kula \u0130l\u00e7e Ba\u015fkan\u0131 Nejat G\u00fclmez, ziyaretlere ili\u015fkin yapt\u0131\u011f\u0131 de\u011ferlendirmede, &#8220;\u0130l\u00e7e ba\u015fkanlar\u0131m\u0131z ile birlikte 17 evimize misafir olduk ve lokmalar\u0131m\u0131z\u0131 payla\u015farak vatanda\u015flar\u0131m\u0131zla bir araya geldik. Bu ziyaretler, hem g\u00f6n\u00fcl ba\u011f\u0131m\u0131z\u0131 g\u00fc\u00e7lendiriyor hem de il\u00e7emizdeki vatanda\u015flar\u0131m\u0131z\u0131n taleplerini yak\u0131ndan g\u00f6rmemize imk\u00e2n tan\u0131yor&#8221; dedi.<br \/>\n<br \/>Program\u0131n, il\u00e7e te\u015fkilat\u0131 ile vatanda\u015f aras\u0131ndaki ba\u011f\u0131n g\u00fc\u00e7lendirilmesi bak\u0131m\u0131ndan \u00f6nem ta\u015f\u0131d\u0131\u011f\u0131 belirtildi.<br \/><\/p>\n","protected":false},"excerpt":{"rendered":"<p>Manisa\u2019n\u0131n Kula il\u00e7esinde AK Parti Manisa \u0130l Ba\u015fkan\u0131 S\u00fcleyman Turgut, Kula \u0130l\u00e7e Ba\u015fkan\u0131 Nejat G\u00fclmez ve 16 il\u00e7e ba\u015fkan\u0131yla birlikte esnaf ziyaretleri ger\u00e7ekle\u015ftirdi. AK Parti Manisa \u0130l Ba\u015fkanl\u0131\u011f\u0131 \u00f6nderli\u011finde Kula il\u00e7esinde d\u00fczenlenen il\u00e7e ba\u015fkanlar\u0131 toplant\u0131s\u0131n\u0131n ard\u0131ndan, AK Parti Manisa \u0130l Ba\u015fkan\u0131 S\u00fcleyman Turgut, Kula \u0130l\u00e7e Ba\u015fkan\u0131 Nejat G\u00fclmez ve 16 il\u00e7e ba\u015fkan\u0131yla birlikte esnaf ziyaretleri&#8230;<\/p>\n","protected":false},"author":1,"featured_media":70368,"comment_status":"open","ping_status":"open","sticky":false,"template":"","format":"standard","meta":{"_crdt_document":"","footnotes":""},"categories":[127],"tags":[],"class_list":["post-70367","post","type-post","status-publish","format-standard","has-post-thumbnail","hentry","category-siyaset"],"_links":{"self":[{"href":"https:\/\/www.egemtv.com\/index.php?rest_route=\/wp\/v2\/posts\/70367","targetHints":{"allow":["GET"]}}],"collection":[{"href":"https:\/\/www.egemtv.com\/index.php?rest_route=\/wp\/v2\/posts"}],"about":[{"href":"https:\/\/www.egemtv.com\/index.php?rest_route=\/wp\/v2\/types\/post"}],"author":[{"embeddable":true,"href":"https:\/\/www.egemtv.com\/index.php?rest_route=\/wp\/v2\/users\/1"}],"replies":[{"embeddable":true,"href":"https:\/\/www.egemtv.com\/index.php?rest_route=%2Fwp%2Fv2%2Fcomments&post=70367"}],"version-history":[{"count":1,"href":"https:\/\/www.egemtv.com\/index.php?rest_route=\/wp\/v2\/posts\/70367\/revisions"}],"predecessor-version":[{"id":70369,"href":"https:\/\/www.egemtv.com\/index.php?rest_route=\/wp\/v2\/posts\/70367\/revisions\/70369"}],"wp:featuredmedia":[{"embeddable":true,"href":"https:\/\/www.egemtv.com\/index.php?rest_route=\/wp\/v2\/media\/70368"}],"wp:attachment":[{"href":"https:\/\/www.egemtv.com\/index.php?rest_route=%2Fwp%2Fv2%2Fmedia&parent=70367"}],"wp:term":[{"taxonomy":"category","embeddable":true,"href":"https:\/\/www.egemtv.com\/index.php?rest_route=%2Fwp%2Fv2%2Fcategories&post=70367"},{"taxonomy":"post_tag","embeddable":true,"href":"https:\/\/www.egemtv.com\/index.php?rest_route=%2Fwp%2Fv2%2Ftags&post=70367"}],"curies":[{"name":"wp","href":"https:\/\/api.w.org\/{rel}","templated":true}]}}