{"id":7033,"date":"2025-01-11T18:59:39","date_gmt":"2025-01-11T15:59:39","guid":{"rendered":"https:\/\/www.egemtv.com\/?p=7033"},"modified":"2025-01-11T18:59:41","modified_gmt":"2025-01-11T15:59:41","slug":"mac-izlerken-kalp-krizi-geciren-kulup-baskani-vefat-etti","status":"publish","type":"post","link":"https:\/\/www.egemtv.com\/?p=7033","title":{"rendered":"Ma\u00e7 izlerken kalp krizi ge\u00e7iren kul\u00fcp ba\u015fkan\u0131 vefat etti"},"content":{"rendered":"<p>Manisa 1. Amat\u00f6r K\u00fcmede Akmescitspor ile Hamzabeylispor aras\u0131nda oynanan m\u00fccadele s\u0131ras\u0131nda kalp krizi ge\u00e7iren Akmescitspor Ba\u015fkan\u0131 \u00d6mer \u015een kald\u0131r\u0131ld\u0131\u011f\u0131 hastanede hayat\u0131n\u0131 kaybetti.<br \/>\n<br \/>Manisa\u2019da y\u0131llard\u0131r amat\u00f6r futbola destek veren amat\u00f6r\u00fcn duayenlerinden olan ve muhtarl\u0131kta yapan \u00d6mer \u015een, hayata g\u00f6zlerini yumdu. Manisa 1. Amat\u00f6r K\u00fcme\u2019de m\u00fccadele eden Akmescitspor-Hamzabeylispor ma\u00e7\u0131n\u0131n 33. dakikas\u0131nda Akmescitspor Ba\u015fkan\u0131 \u00d6mer \u015een, kalp krizi ge\u00e7irdi. 8 Eyl\u00fcl Hastanesine kald\u0131r\u0131lan \u00d6mer \u015een yap\u0131lan t\u00fcm m\u00fcdahalelere ra\u011fmen kurtar\u0131lamayarak hayat\u0131n\u0131 kaybetti. \u015een\u2019in \u00f6l\u00fcm haberi ba\u015fta amat\u00f6r spor kul\u00fcplerinde olmak \u00fczere Manisa\u2019da b\u00fcy\u00fck bir \u00fcz\u00fcnt\u00fcye neden oldu.<br \/>\n<br \/>Kul\u00fcp ba\u015fkan\u0131 \u015een\u2019in \u00f6l\u00fcm haberi \u00fczerine kar\u015f\u0131la\u015fma 0-0 devam ederken yar\u0131da kald\u0131 ve tatil edildi.<br \/>\n<br \/><img fetchpriority=\"high\" decoding=\"async\" width=\"652\" height=\"400\" src=\"https:\/\/www.egemtv.com\/wp-content\/uploads\/2025\/01\/mac-izlerken-kalp-krizi-geciren-kulup-baskani-vefat-etti_f87df328acb0.jpg\" class=\"attachment-full size-full not-transparent\" alt=\"\" data-has-transparency=\"false\" data-dominant-color=\"888886\" style=\"--dominant-color: #888886\" \/><\/p>\n","protected":false},"excerpt":{"rendered":"<p>Manisa 1. Amat\u00f6r K\u00fcmede Akmescitspor ile Hamzabeylispor aras\u0131nda oynanan m\u00fccadele s\u0131ras\u0131nda kalp krizi ge\u00e7iren Akmescitspor Ba\u015fkan\u0131 \u00d6mer \u015een kald\u0131r\u0131ld\u0131\u011f\u0131 hastanede hayat\u0131n\u0131 kaybetti. Manisa\u2019da y\u0131llard\u0131r amat\u00f6r futbola destek veren amat\u00f6r\u00fcn duayenlerinden olan ve muhtarl\u0131kta yapan \u00d6mer \u015een, hayata g\u00f6zlerini yumdu. Manisa 1. Amat\u00f6r K\u00fcme\u2019de m\u00fccadele eden Akmescitspor-Hamzabeylispor ma\u00e7\u0131n\u0131n 33. dakikas\u0131nda Akmescitspor Ba\u015fkan\u0131 \u00d6mer \u015een, kalp krizi&#8230;<\/p>\n","protected":false},"author":1,"featured_media":7034,"comment_status":"open","ping_status":"open","sticky":false,"template":"","format":"standard","meta":{"_crdt_document":"","footnotes":""},"categories":[5],"tags":[],"class_list":["post-7033","post","type-post","status-publish","format-standard","has-post-thumbnail","hentry","category-asayis"],"_links":{"self":[{"href":"https:\/\/www.egemtv.com\/index.php?rest_route=\/wp\/v2\/posts\/7033","targetHints":{"allow":["GET"]}}],"collection":[{"href":"https:\/\/www.egemtv.com\/index.php?rest_route=\/wp\/v2\/posts"}],"about":[{"href":"https:\/\/www.egemtv.com\/index.php?rest_route=\/wp\/v2\/types\/post"}],"author":[{"embeddable":true,"href":"https:\/\/www.egemtv.com\/index.php?rest_route=\/wp\/v2\/users\/1"}],"replies":[{"embeddable":true,"href":"https:\/\/www.egemtv.com\/index.php?rest_route=%2Fwp%2Fv2%2Fcomments&post=7033"}],"version-history":[{"count":1,"href":"https:\/\/www.egemtv.com\/index.php?rest_route=\/wp\/v2\/posts\/7033\/revisions"}],"predecessor-version":[{"id":7036,"href":"https:\/\/www.egemtv.com\/index.php?rest_route=\/wp\/v2\/posts\/7033\/revisions\/7036"}],"wp:featuredmedia":[{"embeddable":true,"href":"https:\/\/www.egemtv.com\/index.php?rest_route=\/wp\/v2\/media\/7034"}],"wp:attachment":[{"href":"https:\/\/www.egemtv.com\/index.php?rest_route=%2Fwp%2Fv2%2Fmedia&parent=7033"}],"wp:term":[{"taxonomy":"category","embeddable":true,"href":"https:\/\/www.egemtv.com\/index.php?rest_route=%2Fwp%2Fv2%2Fcategories&post=7033"},{"taxonomy":"post_tag","embeddable":true,"href":"https:\/\/www.egemtv.com\/index.php?rest_route=%2Fwp%2Fv2%2Ftags&post=7033"}],"curies":[{"name":"wp","href":"https:\/\/api.w.org\/{rel}","templated":true}]}}