{"id":70157,"date":"2025-11-26T09:35:53","date_gmt":"2025-11-26T06:35:53","guid":{"rendered":"https:\/\/www.egemtv.com\/?p=70157"},"modified":"2025-11-26T09:35:53","modified_gmt":"2025-11-26T06:35:53","slug":"kadinlara-kades-tanitildi","status":"publish","type":"post","link":"https:\/\/www.egemtv.com\/?p=70157","title":{"rendered":"Kad\u0131nlara KADES tan\u0131t\u0131ld\u0131"},"content":{"rendered":"<p>K\u00fctahya \u0130l Jandarma Komutanl\u0131\u011f\u0131 Aile \u0130\u00e7i \u015eiddetle M\u00fccadele ve \u00c7ocuk K\u0131s\u0131m Amirli\u011fi, K\u00fctahya \u0130l Emniyet M\u00fcd\u00fcrl\u00fc\u011f\u00fc ve K\u00fctahya Valili\u011fi A\u00e7\u0131k Kap\u0131 \u015eube M\u00fcd\u00fcrl\u00fc\u011f\u00fc taraf\u0131ndan halka Kad\u0131n Acil Destek Uygulamas\u0131 (KADES) tan\u0131t\u0131ld\u0131.<br \/>\n<br \/>Kad\u0131na Y\u00f6nelik \u015eiddete Kar\u015f\u0131 Uluslararas\u0131 M\u00fccadele G\u00fcn\u00fc&#8221; kapsam\u0131nda kad\u0131n haklar\u0131n\u0131n korunmas\u0131, toplumsal fark\u0131ndal\u0131\u011f\u0131n art\u0131r\u0131lmas\u0131, Kad\u0131n Acil Destek Uygulamas\u0131n\u0131n (KADES) halka tan\u0131t\u0131lmas\u0131 ve halk\u0131n bilin\u00e7lendirilmesi maksad\u0131yla K\u00fctahya \u0130l Jandarma Komutanl\u0131\u011f\u0131 Aile \u0130\u00e7i \u015eiddetle M\u00fccadele ve \u00c7ocuk K\u0131s\u0131m Amirli\u011fi, K\u00fctahya \u0130l Emniyet M\u00fcd\u00fcrl\u00fc\u011f\u00fc ve K\u00fctahya Valili\u011fi A\u00e7\u0131k Kap\u0131 \u015eube M\u00fcd\u00fcrl\u00fc\u011f\u00fc taraf\u0131ndan bir al\u0131\u015fveri\u015f merkezinde a\u00e7\u0131lan stantta 178 kad\u0131na KADES program\u0131 y\u00fckletilip, 356 vatanda\u015fa da dergi ve bro\u015f\u00fcr da\u011f\u0131t\u0131larak bilgilendirme yap\u0131ld\u0131.<br \/><\/p>\n","protected":false},"excerpt":{"rendered":"<p>K\u00fctahya \u0130l Jandarma Komutanl\u0131\u011f\u0131 Aile \u0130\u00e7i \u015eiddetle M\u00fccadele ve \u00c7ocuk K\u0131s\u0131m Amirli\u011fi, K\u00fctahya \u0130l Emniyet M\u00fcd\u00fcrl\u00fc\u011f\u00fc ve K\u00fctahya Valili\u011fi A\u00e7\u0131k Kap\u0131 \u015eube M\u00fcd\u00fcrl\u00fc\u011f\u00fc taraf\u0131ndan halka Kad\u0131n Acil Destek Uygulamas\u0131 (KADES) tan\u0131t\u0131ld\u0131. Kad\u0131na Y\u00f6nelik \u015eiddete Kar\u015f\u0131 Uluslararas\u0131 M\u00fccadele G\u00fcn\u00fc&#8221; kapsam\u0131nda kad\u0131n haklar\u0131n\u0131n korunmas\u0131, toplumsal fark\u0131ndal\u0131\u011f\u0131n art\u0131r\u0131lmas\u0131, Kad\u0131n Acil Destek Uygulamas\u0131n\u0131n (KADES) halka tan\u0131t\u0131lmas\u0131 ve halk\u0131n bilin\u00e7lendirilmesi&#8230;<\/p>\n","protected":false},"author":1,"featured_media":70158,"comment_status":"open","ping_status":"open","sticky":false,"template":"","format":"standard","meta":{"_crdt_document":"","footnotes":""},"categories":[1],"tags":[],"class_list":["post-70157","post","type-post","status-publish","format-standard","has-post-thumbnail","hentry","category-guncel"],"_links":{"self":[{"href":"https:\/\/www.egemtv.com\/index.php?rest_route=\/wp\/v2\/posts\/70157","targetHints":{"allow":["GET"]}}],"collection":[{"href":"https:\/\/www.egemtv.com\/index.php?rest_route=\/wp\/v2\/posts"}],"about":[{"href":"https:\/\/www.egemtv.com\/index.php?rest_route=\/wp\/v2\/types\/post"}],"author":[{"embeddable":true,"href":"https:\/\/www.egemtv.com\/index.php?rest_route=\/wp\/v2\/users\/1"}],"replies":[{"embeddable":true,"href":"https:\/\/www.egemtv.com\/index.php?rest_route=%2Fwp%2Fv2%2Fcomments&post=70157"}],"version-history":[{"count":1,"href":"https:\/\/www.egemtv.com\/index.php?rest_route=\/wp\/v2\/posts\/70157\/revisions"}],"predecessor-version":[{"id":70159,"href":"https:\/\/www.egemtv.com\/index.php?rest_route=\/wp\/v2\/posts\/70157\/revisions\/70159"}],"wp:featuredmedia":[{"embeddable":true,"href":"https:\/\/www.egemtv.com\/index.php?rest_route=\/wp\/v2\/media\/70158"}],"wp:attachment":[{"href":"https:\/\/www.egemtv.com\/index.php?rest_route=%2Fwp%2Fv2%2Fmedia&parent=70157"}],"wp:term":[{"taxonomy":"category","embeddable":true,"href":"https:\/\/www.egemtv.com\/index.php?rest_route=%2Fwp%2Fv2%2Fcategories&post=70157"},{"taxonomy":"post_tag","embeddable":true,"href":"https:\/\/www.egemtv.com\/index.php?rest_route=%2Fwp%2Fv2%2Ftags&post=70157"}],"curies":[{"name":"wp","href":"https:\/\/api.w.org\/{rel}","templated":true}]}}