{"id":70154,"date":"2025-11-26T09:35:52","date_gmt":"2025-11-26T06:35:52","guid":{"rendered":"https:\/\/www.egemtv.com\/?p=70154"},"modified":"2025-11-26T09:35:52","modified_gmt":"2025-11-26T06:35:52","slug":"kutahyada-kuran-kursu-ogrencilerinden-hediyem-kuran-olsun-kampanyasina-destek","status":"publish","type":"post","link":"https:\/\/www.egemtv.com\/?p=70154","title":{"rendered":"K\u00fctahya\u2019da Kur\u2019an Kursu \u00f6\u011frencilerinden, &#8220;Hediyem Kur\u2019an Olsun&#8221; kampanyas\u0131na destek"},"content":{"rendered":"<p>K\u00fctahya Demirci\u00f6ren K\u00f6y\u00fc Sultan Vahdettin Han Kur\u2019an Kursu \u00f6\u011frencileri &#8220;Hediyem Kur\u2019an Olsun&#8221; kampanyas\u0131na 129 Kur\u2019an-\u0131 Kerim ba\u011f\u0131\u015f\u0131nda bulundu.<br \/>\n<br \/>Sultan Vahdettin Han Kur\u2019an Kursu \u00f6\u011frencileri, g\u00f6n\u00fcll\u00fc olarak kat\u0131ld\u0131klar\u0131 &#8220;Hediyem Kur\u2019an Olsun&#8221; kampanyas\u0131na 129 adet Kur\u2019an-\u0131 Kerim ba\u011f\u0131\u015flad\u0131.<br \/><\/p>\n","protected":false},"excerpt":{"rendered":"<p>K\u00fctahya Demirci\u00f6ren K\u00f6y\u00fc Sultan Vahdettin Han Kur\u2019an Kursu \u00f6\u011frencileri &#8220;Hediyem Kur\u2019an Olsun&#8221; kampanyas\u0131na 129 Kur\u2019an-\u0131 Kerim ba\u011f\u0131\u015f\u0131nda bulundu. Sultan Vahdettin Han Kur\u2019an Kursu \u00f6\u011frencileri, g\u00f6n\u00fcll\u00fc olarak kat\u0131ld\u0131klar\u0131 &#8220;Hediyem Kur\u2019an Olsun&#8221; kampanyas\u0131na 129 adet Kur\u2019an-\u0131 Kerim ba\u011f\u0131\u015flad\u0131.<\/p>\n","protected":false},"author":1,"featured_media":70155,"comment_status":"open","ping_status":"open","sticky":false,"template":"","format":"standard","meta":{"_crdt_document":"","footnotes":""},"categories":[1],"tags":[],"class_list":["post-70154","post","type-post","status-publish","format-standard","has-post-thumbnail","hentry","category-guncel"],"_links":{"self":[{"href":"https:\/\/www.egemtv.com\/index.php?rest_route=\/wp\/v2\/posts\/70154","targetHints":{"allow":["GET"]}}],"collection":[{"href":"https:\/\/www.egemtv.com\/index.php?rest_route=\/wp\/v2\/posts"}],"about":[{"href":"https:\/\/www.egemtv.com\/index.php?rest_route=\/wp\/v2\/types\/post"}],"author":[{"embeddable":true,"href":"https:\/\/www.egemtv.com\/index.php?rest_route=\/wp\/v2\/users\/1"}],"replies":[{"embeddable":true,"href":"https:\/\/www.egemtv.com\/index.php?rest_route=%2Fwp%2Fv2%2Fcomments&post=70154"}],"version-history":[{"count":1,"href":"https:\/\/www.egemtv.com\/index.php?rest_route=\/wp\/v2\/posts\/70154\/revisions"}],"predecessor-version":[{"id":70156,"href":"https:\/\/www.egemtv.com\/index.php?rest_route=\/wp\/v2\/posts\/70154\/revisions\/70156"}],"wp:featuredmedia":[{"embeddable":true,"href":"https:\/\/www.egemtv.com\/index.php?rest_route=\/wp\/v2\/media\/70155"}],"wp:attachment":[{"href":"https:\/\/www.egemtv.com\/index.php?rest_route=%2Fwp%2Fv2%2Fmedia&parent=70154"}],"wp:term":[{"taxonomy":"category","embeddable":true,"href":"https:\/\/www.egemtv.com\/index.php?rest_route=%2Fwp%2Fv2%2Fcategories&post=70154"},{"taxonomy":"post_tag","embeddable":true,"href":"https:\/\/www.egemtv.com\/index.php?rest_route=%2Fwp%2Fv2%2Ftags&post=70154"}],"curies":[{"name":"wp","href":"https:\/\/api.w.org\/{rel}","templated":true}]}}