{"id":70151,"date":"2025-11-26T09:35:51","date_gmt":"2025-11-26T06:35:51","guid":{"rendered":"https:\/\/www.egemtv.com\/?p=70151"},"modified":"2025-11-26T09:35:52","modified_gmt":"2025-11-26T06:35:52","slug":"mudur-mustafa-yilmaz-ozel-ogrenciler-gunahsiz-ve-masum-cocuklardir","status":"publish","type":"post","link":"https:\/\/www.egemtv.com\/?p=70151","title":{"rendered":"M\u00fcd\u00fcr Mustafa Y\u0131lmaz: &#8220;\u00d6zel \u00f6\u011frenciler g\u00fcnahs\u0131z ve masum \u00e7ocuklard\u0131r&#8221;"},"content":{"rendered":"<p>K\u00fctahya \u0130l Milli E\u011fitim M\u00fcd\u00fcr\u00fc Mustafa Y\u0131lmaz, \u00d6zel E\u011fitim Uygulama Okulunu ziyaretinde yapt\u0131\u011f\u0131 a\u00e7\u0131klamada, \u00f6zel \u00f6\u011frencilerin g\u00fcnahs\u0131z ve masum \u00e7ocuklar oldu\u011funa vurgu yapt\u0131.<br \/>\n<br \/>\u0130l Milli E\u011fitim M\u00fcd\u00fcr\u00fc Mustafa Y\u0131lmaz ve Milli E\u011fitim M\u00fcd\u00fcr Yard\u0131mc\u0131s\u0131 Mustafa Topuz, \u00d6zel E\u011fitim Uygulama Okuluna ziyaret ger\u00e7ekle\u015ftirdiler. M\u00fcd\u00fcr Mustafa Y\u0131lmaz, \u00d6zel E\u011fitim Uygulama Okulunda \u00f6\u011frenciler ve \u00f6\u011fretmenlerle bir araya geldi. S\u0131n\u0131f ziyaretleri kapsam\u0131nda \u00f6\u011frencilerle birebir ilgilendi, okul idaresinden \u00f6\u011frencilerin e\u011fitim s\u00fcre\u00e7leri hakk\u0131nda bilgi ald\u0131.<br \/>\n<br \/>Ziyaret s\u0131ras\u0131nda \u00f6\u011fretmenler ve \u00f6\u011frenciler taraf\u0131ndan haz\u0131rlanan yiyecekleri tadan M\u00fcd\u00fcr Y\u0131lmaz, \u00f6zel e\u011fitim \u00f6\u011frencilerinin bu t\u00fcr etkinliklerde yer almas\u0131n\u0131n onlar\u0131n sosyal, duygusal ve akademik geli\u015fimleri a\u00e7\u0131s\u0131ndan b\u00fcy\u00fck \u00f6nem ta\u015f\u0131d\u0131\u011f\u0131n\u0131 ifade etti. \u00d6zel \u00f6\u011frencilerin g\u00fcnahs\u0131z ve masum \u00e7ocuklar oldu\u011funu vurgulayan Y\u0131lmaz, &#8220;Onlar i\u00e7in elimizden gelenin en iyisini yapaca\u011f\u0131z.&#8221; \u015feklinde konu\u015ftu.<br \/>\n<br \/>S\u0131n\u0131flarda \u00f6\u011fretmenlerle de g\u00f6r\u00fc\u015fen M\u00fcd\u00fcr Mustafa Y\u0131lmaz, okulun mevcut e\u011fitim ortam\u0131, kullan\u0131lan materyaller ve ihtiya\u00e7lar hakk\u0131nda bilgi alarak yap\u0131lan \u00e7al\u0131\u015fmalar i\u00e7in \u00f6\u011fretmenlere te\u015fekk\u00fcr etti.<br \/><\/p>\n","protected":false},"excerpt":{"rendered":"<p>K\u00fctahya \u0130l Milli E\u011fitim M\u00fcd\u00fcr\u00fc Mustafa Y\u0131lmaz, \u00d6zel E\u011fitim Uygulama Okulunu ziyaretinde yapt\u0131\u011f\u0131 a\u00e7\u0131klamada, \u00f6zel \u00f6\u011frencilerin g\u00fcnahs\u0131z ve masum \u00e7ocuklar oldu\u011funa vurgu yapt\u0131. \u0130l Milli E\u011fitim M\u00fcd\u00fcr\u00fc Mustafa Y\u0131lmaz ve Milli E\u011fitim M\u00fcd\u00fcr Yard\u0131mc\u0131s\u0131 Mustafa Topuz, \u00d6zel E\u011fitim Uygulama Okuluna ziyaret ger\u00e7ekle\u015ftirdiler. M\u00fcd\u00fcr Mustafa Y\u0131lmaz, \u00d6zel E\u011fitim Uygulama Okulunda \u00f6\u011frenciler ve \u00f6\u011fretmenlerle bir araya geldi&#8230;.<\/p>\n","protected":false},"author":1,"featured_media":70152,"comment_status":"open","ping_status":"open","sticky":false,"template":"","format":"standard","meta":{"_crdt_document":"","footnotes":""},"categories":[123],"tags":[],"class_list":["post-70151","post","type-post","status-publish","format-standard","has-post-thumbnail","hentry","category-gundem"],"_links":{"self":[{"href":"https:\/\/www.egemtv.com\/index.php?rest_route=\/wp\/v2\/posts\/70151","targetHints":{"allow":["GET"]}}],"collection":[{"href":"https:\/\/www.egemtv.com\/index.php?rest_route=\/wp\/v2\/posts"}],"about":[{"href":"https:\/\/www.egemtv.com\/index.php?rest_route=\/wp\/v2\/types\/post"}],"author":[{"embeddable":true,"href":"https:\/\/www.egemtv.com\/index.php?rest_route=\/wp\/v2\/users\/1"}],"replies":[{"embeddable":true,"href":"https:\/\/www.egemtv.com\/index.php?rest_route=%2Fwp%2Fv2%2Fcomments&post=70151"}],"version-history":[{"count":1,"href":"https:\/\/www.egemtv.com\/index.php?rest_route=\/wp\/v2\/posts\/70151\/revisions"}],"predecessor-version":[{"id":70153,"href":"https:\/\/www.egemtv.com\/index.php?rest_route=\/wp\/v2\/posts\/70151\/revisions\/70153"}],"wp:featuredmedia":[{"embeddable":true,"href":"https:\/\/www.egemtv.com\/index.php?rest_route=\/wp\/v2\/media\/70152"}],"wp:attachment":[{"href":"https:\/\/www.egemtv.com\/index.php?rest_route=%2Fwp%2Fv2%2Fmedia&parent=70151"}],"wp:term":[{"taxonomy":"category","embeddable":true,"href":"https:\/\/www.egemtv.com\/index.php?rest_route=%2Fwp%2Fv2%2Fcategories&post=70151"},{"taxonomy":"post_tag","embeddable":true,"href":"https:\/\/www.egemtv.com\/index.php?rest_route=%2Fwp%2Fv2%2Ftags&post=70151"}],"curies":[{"name":"wp","href":"https:\/\/api.w.org\/{rel}","templated":true}]}}