{"id":70148,"date":"2025-11-26T09:35:50","date_gmt":"2025-11-26T06:35:50","guid":{"rendered":"https:\/\/www.egemtv.com\/?p=70148"},"modified":"2025-11-26T09:35:51","modified_gmt":"2025-11-26T06:35:51","slug":"kutahya-kadin-destek-afad-gonullulerinden-murat-dagi-kamp-merkezinde-etkinlik","status":"publish","type":"post","link":"https:\/\/www.egemtv.com\/?p=70148","title":{"rendered":"K\u00fctahya Kad\u0131n Destek AFAD G\u00f6n\u00fcll\u00fclerinden Murat Da\u011f\u0131 Kamp Merkezinde etkinlik"},"content":{"rendered":"<p>Gen\u00e7lik ve Spor Bakanl\u0131\u011f\u0131\u2019na ba\u011fl\u0131 Gediz il\u00e7esi Murat Da\u011f\u0131 Kamp Merkezinde bir araya gelen K\u00fctahya Kad\u0131n Destek AFAD G\u00f6n\u00fcll\u00fclerince \u00e7e\u015fitli etkinlikler ger\u00e7ekle\u015ftirildi.<br \/>\n<br \/>Moral ve motivasyonu artt\u0131rmak amac\u0131yla d\u00fczenlenen ve 3 g\u00fcn s\u00fcren programda y\u00fczme, ok\u00e7uluk, dart, basketbol, voleybol, halk oyunlar\u0131, macera parkuru, do\u011fa y\u00fcr\u00fcy\u00fc\u015f\u00fc gibi bir \u00e7ok etkinlik d\u00fczenlendi.<br \/>\n<br \/>K\u00fctahya \u0130l Afet ve Acil Durum M\u00fcd\u00fcrl\u00fc\u011f\u00fcnden yap\u0131lan a\u00e7\u0131klamada, ev sahipli\u011fi i\u00e7in Gen\u00e7lik ve Spor Bakanl\u0131\u011f\u0131na, Gen\u00e7lik ve Spor \u0130l M\u00fcd\u00fcrl\u00fc\u011f\u00fcne ve Murat Da\u011f\u0131 Kamp Merkezi M\u00fcd\u00fcrl\u00fc\u011f\u00fcne, kat\u0131l\u0131mlar\u0131 i\u00e7in Destek AFAD G\u00f6n\u00fcll\u00fclerine te\u015fekk\u00fcr edildi.<br \/><\/p>\n","protected":false},"excerpt":{"rendered":"<p>Gen\u00e7lik ve Spor Bakanl\u0131\u011f\u0131\u2019na ba\u011fl\u0131 Gediz il\u00e7esi Murat Da\u011f\u0131 Kamp Merkezinde bir araya gelen K\u00fctahya Kad\u0131n Destek AFAD G\u00f6n\u00fcll\u00fclerince \u00e7e\u015fitli etkinlikler ger\u00e7ekle\u015ftirildi. Moral ve motivasyonu artt\u0131rmak amac\u0131yla d\u00fczenlenen ve 3 g\u00fcn s\u00fcren programda y\u00fczme, ok\u00e7uluk, dart, basketbol, voleybol, halk oyunlar\u0131, macera parkuru, do\u011fa y\u00fcr\u00fcy\u00fc\u015f\u00fc gibi bir \u00e7ok etkinlik d\u00fczenlendi. K\u00fctahya \u0130l Afet ve Acil Durum&#8230;<\/p>\n","protected":false},"author":1,"featured_media":70149,"comment_status":"open","ping_status":"open","sticky":false,"template":"","format":"standard","meta":{"_crdt_document":"","footnotes":""},"categories":[1],"tags":[],"class_list":["post-70148","post","type-post","status-publish","format-standard","has-post-thumbnail","hentry","category-guncel"],"_links":{"self":[{"href":"https:\/\/www.egemtv.com\/index.php?rest_route=\/wp\/v2\/posts\/70148","targetHints":{"allow":["GET"]}}],"collection":[{"href":"https:\/\/www.egemtv.com\/index.php?rest_route=\/wp\/v2\/posts"}],"about":[{"href":"https:\/\/www.egemtv.com\/index.php?rest_route=\/wp\/v2\/types\/post"}],"author":[{"embeddable":true,"href":"https:\/\/www.egemtv.com\/index.php?rest_route=\/wp\/v2\/users\/1"}],"replies":[{"embeddable":true,"href":"https:\/\/www.egemtv.com\/index.php?rest_route=%2Fwp%2Fv2%2Fcomments&post=70148"}],"version-history":[{"count":1,"href":"https:\/\/www.egemtv.com\/index.php?rest_route=\/wp\/v2\/posts\/70148\/revisions"}],"predecessor-version":[{"id":70150,"href":"https:\/\/www.egemtv.com\/index.php?rest_route=\/wp\/v2\/posts\/70148\/revisions\/70150"}],"wp:featuredmedia":[{"embeddable":true,"href":"https:\/\/www.egemtv.com\/index.php?rest_route=\/wp\/v2\/media\/70149"}],"wp:attachment":[{"href":"https:\/\/www.egemtv.com\/index.php?rest_route=%2Fwp%2Fv2%2Fmedia&parent=70148"}],"wp:term":[{"taxonomy":"category","embeddable":true,"href":"https:\/\/www.egemtv.com\/index.php?rest_route=%2Fwp%2Fv2%2Fcategories&post=70148"},{"taxonomy":"post_tag","embeddable":true,"href":"https:\/\/www.egemtv.com\/index.php?rest_route=%2Fwp%2Fv2%2Ftags&post=70148"}],"curies":[{"name":"wp","href":"https:\/\/api.w.org\/{rel}","templated":true}]}}