{"id":70145,"date":"2025-11-26T09:14:36","date_gmt":"2025-11-26T06:14:36","guid":{"rendered":"https:\/\/www.egemtv.com\/?p=70145"},"modified":"2025-11-26T09:14:36","modified_gmt":"2025-11-26T06:14:36","slug":"camelinde-kilit-parke-tasi-doseme-calismalari-araliksiz-devam-ediyor","status":"publish","type":"post","link":"https:\/\/www.egemtv.com\/?p=70145","title":{"rendered":"\u00c7ameli\u2019nde kilit parke ta\u015f\u0131 d\u00f6\u015feme \u00e7al\u0131\u015fmalar\u0131 aral\u0131ks\u0131z devam ediyor"},"content":{"rendered":"<p>\u00c7ameli Belediyesi Kal\u0131nkoz Mahallesi\u2019nde kilit parke ta\u015f\u0131 d\u00f6\u015feme \u00e7al\u0131\u015fmalar\u0131 aral\u0131ks\u0131z devam ediyor. \u0130l\u00e7enin daha konforlu ve g\u00fcvenli olmas\u0131 i\u00e7in \u00c7ameli Belediye Ba\u015fkan\u0131 Cengiz Arslan, \u00e7al\u0131\u015fmalar\u0131n aral\u0131ks\u0131z s\u00fcrd\u00fcr\u00fcld\u00fc\u011f\u00fcn\u00fc ifade etti.<\/p>\n<p>Denizli\u2019nin \u00c7ameli il\u00e7esinde \u00c7ameli Belediyesi il\u00e7ede yol \u00e7al\u0131\u015fmalar\u0131 i\u00e7in aral\u0131ks\u0131z devam ediyor. \u00c7ameli Belediyesi Fen \u0130\u015fleri M\u00fcd\u00fcrl\u00fc\u011f\u00fc ekipleri taraf\u0131ndan Kal\u0131nkoz Mahallesi\u2019nde kilit parke ta\u015f\u0131 d\u00f6\u015feme \u00e7al\u0131\u015fmas\u0131 ba\u015flat\u0131ld\u0131. \u0130l\u00e7enin daha konforlu ve g\u00fcvenli olmas\u0131 i\u00e7in \u00e7al\u0131\u015fmalar\u0131n aral\u0131ks\u0131z s\u00fcrd\u00fcr\u00fcld\u00fc\u011f\u00fcn\u00fc ifade eden \u00c7ameli Belediye Ba\u015fkan\u0131 Cengiz Arslan, &#8220;Mahallelerimizin yollar\u0131n\u0131 daha konforlu ve g\u00fcvenli hale getirmek i\u00e7in \u00e7al\u0131\u015fmalar\u0131m\u0131z\u0131 s\u00fcrd\u00fcr\u00fcyoruz&#8221; dedi.<br \/><\/p>\n","protected":false},"excerpt":{"rendered":"<p>\u00c7ameli Belediyesi Kal\u0131nkoz Mahallesi\u2019nde kilit parke ta\u015f\u0131 d\u00f6\u015feme \u00e7al\u0131\u015fmalar\u0131 aral\u0131ks\u0131z devam ediyor. \u0130l\u00e7enin daha konforlu ve g\u00fcvenli olmas\u0131 i\u00e7in \u00c7ameli Belediye Ba\u015fkan\u0131 Cengiz Arslan, \u00e7al\u0131\u015fmalar\u0131n aral\u0131ks\u0131z s\u00fcrd\u00fcr\u00fcld\u00fc\u011f\u00fcn\u00fc ifade etti. Denizli\u2019nin \u00c7ameli il\u00e7esinde \u00c7ameli Belediyesi il\u00e7ede yol \u00e7al\u0131\u015fmalar\u0131 i\u00e7in aral\u0131ks\u0131z devam ediyor. \u00c7ameli Belediyesi Fen \u0130\u015fleri M\u00fcd\u00fcrl\u00fc\u011f\u00fc ekipleri taraf\u0131ndan Kal\u0131nkoz Mahallesi\u2019nde kilit parke ta\u015f\u0131 d\u00f6\u015feme \u00e7al\u0131\u015fmas\u0131&#8230;<\/p>\n","protected":false},"author":1,"featured_media":70146,"comment_status":"open","ping_status":"open","sticky":false,"template":"","format":"standard","meta":{"_crdt_document":"","footnotes":""},"categories":[1],"tags":[],"class_list":["post-70145","post","type-post","status-publish","format-standard","has-post-thumbnail","hentry","category-guncel"],"_links":{"self":[{"href":"https:\/\/www.egemtv.com\/index.php?rest_route=\/wp\/v2\/posts\/70145","targetHints":{"allow":["GET"]}}],"collection":[{"href":"https:\/\/www.egemtv.com\/index.php?rest_route=\/wp\/v2\/posts"}],"about":[{"href":"https:\/\/www.egemtv.com\/index.php?rest_route=\/wp\/v2\/types\/post"}],"author":[{"embeddable":true,"href":"https:\/\/www.egemtv.com\/index.php?rest_route=\/wp\/v2\/users\/1"}],"replies":[{"embeddable":true,"href":"https:\/\/www.egemtv.com\/index.php?rest_route=%2Fwp%2Fv2%2Fcomments&post=70145"}],"version-history":[{"count":1,"href":"https:\/\/www.egemtv.com\/index.php?rest_route=\/wp\/v2\/posts\/70145\/revisions"}],"predecessor-version":[{"id":70147,"href":"https:\/\/www.egemtv.com\/index.php?rest_route=\/wp\/v2\/posts\/70145\/revisions\/70147"}],"wp:featuredmedia":[{"embeddable":true,"href":"https:\/\/www.egemtv.com\/index.php?rest_route=\/wp\/v2\/media\/70146"}],"wp:attachment":[{"href":"https:\/\/www.egemtv.com\/index.php?rest_route=%2Fwp%2Fv2%2Fmedia&parent=70145"}],"wp:term":[{"taxonomy":"category","embeddable":true,"href":"https:\/\/www.egemtv.com\/index.php?rest_route=%2Fwp%2Fv2%2Fcategories&post=70145"},{"taxonomy":"post_tag","embeddable":true,"href":"https:\/\/www.egemtv.com\/index.php?rest_route=%2Fwp%2Fv2%2Ftags&post=70145"}],"curies":[{"name":"wp","href":"https:\/\/api.w.org\/{rel}","templated":true}]}}