{"id":70142,"date":"2025-11-25T23:26:56","date_gmt":"2025-11-25T20:26:56","guid":{"rendered":"https:\/\/www.egemtv.com\/?p=70142"},"modified":"2025-11-25T23:26:57","modified_gmt":"2025-11-25T20:26:57","slug":"aydinin-veysipasa-mahallesinde-kilise-tedirginligi","status":"publish","type":"post","link":"https:\/\/www.egemtv.com\/?p=70142","title":{"rendered":"Ayd\u0131n\u2019\u0131n Veysipa\u015fa Mahallesi\u2019nde \u2019kilise\u2019 tedirginli\u011fi"},"content":{"rendered":"<p>Ayd\u0131n\u2019\u0131n Efeler il\u00e7esinin Veysipa\u015fa Mahallesi\u2019nde \u00fc\u00e7 tarihi caminin ortas\u0131nda bulunan alana kilise yap\u0131laca\u011f\u0131 iddia edildi. \u0130zmir Sel\u00e7uk\u2019tan gelen Katolik Kilisesi heyetinin alanda incelemeler yapt\u0131\u011f\u0131n\u0131 s\u00f6yleyen mahalle sakinleri, duruma tepki g\u00f6sterdi.<br \/>\n<br \/>Ayd\u0131n\u2019\u0131n tarihi b\u00f6lgesi Veysipa\u015fa Mahallesi \u00c7ankaya Caddesi \u00fczerinde bulunan 35 numaral\u0131 arsaya kilise yap\u0131laca\u011f\u0131 s\u00f6ylentileri halk\u0131 tedirgin etti. B\u00f6lgeye \u0130zmir Sel\u00e7uk Katolik Kilisesi\u2019nden bir heyetin gelip inceleme yapt\u0131\u011f\u0131n\u0131 ifade eden mahalle sakinleri, &#8220;Buras\u0131 Ayd\u0131n\u2019\u0131n en eski yerle\u015fim merkezi. Ve alan \u00f6yle bir yerde ki \u015fehrin tarihi camilerinin bulundu\u011fu Cihano\u011flu, \u00dcveyspa\u015fa ve Hasan \u00c7elebi Camii\u2019nin tam ortas\u0131nda kal\u0131yor. Buraya kilise yap\u0131lmas\u0131na kar\u015f\u0131y\u0131z&#8221; ifadelerini kulland\u0131.<br \/>\n<br \/>Konuyla ilgili imza kampanyas\u0131 ba\u015flatacaklar\u0131n\u0131 belirten mahalle sakinlerinden H.Y. ve K.C., &#8220;Bu olay\u0131 sordu\u011fumuzda do\u011frulam\u0131yorlar. Ancak bu iddia do\u011fru de\u011fil ise \u0130zmir Sel\u00e7uk\u2019tan Katolik Kilisesi yetkilileri burada ni\u00e7in inceleme yapt\u0131lar&#8221; diyerek yetkililerin bu y\u00f6nde kamuoyunu bilgilendirmesini istedi.<br \/>\n<br \/>Firman\u0131n yetkilileri arsaya 3 katl\u0131 bir bina yapacaklar\u0131n\u0131, \u2018kilise yap\u0131laca\u011f\u0131\u2019 y\u00f6n\u00fcndeki s\u00f6ylentilerin ger\u00e7e\u011fi yans\u0131tmad\u0131\u011f\u0131n\u0131 iddia ederken, bina i\u00e7in hen\u00fcz ruhsat al\u0131nmad\u0131\u011f\u0131 \u00f6\u011frenildi.<br \/><\/p>\n","protected":false},"excerpt":{"rendered":"<p>Ayd\u0131n\u2019\u0131n Efeler il\u00e7esinin Veysipa\u015fa Mahallesi\u2019nde \u00fc\u00e7 tarihi caminin ortas\u0131nda bulunan alana kilise yap\u0131laca\u011f\u0131 iddia edildi. \u0130zmir Sel\u00e7uk\u2019tan gelen Katolik Kilisesi heyetinin alanda incelemeler yapt\u0131\u011f\u0131n\u0131 s\u00f6yleyen mahalle sakinleri, duruma tepki g\u00f6sterdi. Ayd\u0131n\u2019\u0131n tarihi b\u00f6lgesi Veysipa\u015fa Mahallesi \u00c7ankaya Caddesi \u00fczerinde bulunan 35 numaral\u0131 arsaya kilise yap\u0131laca\u011f\u0131 s\u00f6ylentileri halk\u0131 tedirgin etti. B\u00f6lgeye \u0130zmir Sel\u00e7uk Katolik Kilisesi\u2019nden bir heyetin&#8230;<\/p>\n","protected":false},"author":1,"featured_media":70143,"comment_status":"open","ping_status":"open","sticky":false,"template":"","format":"standard","meta":{"_crdt_document":"","footnotes":""},"categories":[1],"tags":[],"class_list":["post-70142","post","type-post","status-publish","format-standard","has-post-thumbnail","hentry","category-guncel"],"_links":{"self":[{"href":"https:\/\/www.egemtv.com\/index.php?rest_route=\/wp\/v2\/posts\/70142","targetHints":{"allow":["GET"]}}],"collection":[{"href":"https:\/\/www.egemtv.com\/index.php?rest_route=\/wp\/v2\/posts"}],"about":[{"href":"https:\/\/www.egemtv.com\/index.php?rest_route=\/wp\/v2\/types\/post"}],"author":[{"embeddable":true,"href":"https:\/\/www.egemtv.com\/index.php?rest_route=\/wp\/v2\/users\/1"}],"replies":[{"embeddable":true,"href":"https:\/\/www.egemtv.com\/index.php?rest_route=%2Fwp%2Fv2%2Fcomments&post=70142"}],"version-history":[{"count":1,"href":"https:\/\/www.egemtv.com\/index.php?rest_route=\/wp\/v2\/posts\/70142\/revisions"}],"predecessor-version":[{"id":70144,"href":"https:\/\/www.egemtv.com\/index.php?rest_route=\/wp\/v2\/posts\/70142\/revisions\/70144"}],"wp:featuredmedia":[{"embeddable":true,"href":"https:\/\/www.egemtv.com\/index.php?rest_route=\/wp\/v2\/media\/70143"}],"wp:attachment":[{"href":"https:\/\/www.egemtv.com\/index.php?rest_route=%2Fwp%2Fv2%2Fmedia&parent=70142"}],"wp:term":[{"taxonomy":"category","embeddable":true,"href":"https:\/\/www.egemtv.com\/index.php?rest_route=%2Fwp%2Fv2%2Fcategories&post=70142"},{"taxonomy":"post_tag","embeddable":true,"href":"https:\/\/www.egemtv.com\/index.php?rest_route=%2Fwp%2Fv2%2Ftags&post=70142"}],"curies":[{"name":"wp","href":"https:\/\/api.w.org\/{rel}","templated":true}]}}