{"id":70139,"date":"2025-11-25T21:54:55","date_gmt":"2025-11-25T18:54:55","guid":{"rendered":"https:\/\/www.egemtv.com\/?p=70139"},"modified":"2025-11-25T21:54:56","modified_gmt":"2025-11-25T18:54:56","slug":"kiz-kardesine-saka-yapmak-istedi-gozaltina-alindi","status":"publish","type":"post","link":"https:\/\/www.egemtv.com\/?p=70139","title":{"rendered":"K\u0131z karde\u015fine \u015faka yapmak istedi g\u00f6zalt\u0131na al\u0131nd\u0131"},"content":{"rendered":"<p>Ayd\u0131n\u2019\u0131n Efeler il\u00e7esindeki bir kafede oturan k\u0131z karde\u015finin kafas\u0131na kurus\u0131k\u0131 tabancay\u0131 dayayarak \u015faka yapan gen\u00e7, g\u00f6zalt\u0131na al\u0131nd\u0131.<br \/>\n<br \/>Olay, Efeler il\u00e7esi Girne Mahallesi 2198 Sokak \u00fczerinde bulunan bir kafede meydana geldi. Edinilen bilgiye g\u00f6re 20 ya\u015f\u0131ndaki M.\u00d6., bir arkada\u015f\u0131yla birlikte kafede oturan k\u0131z karde\u015finin yan\u0131na geldi. Bir anda yan\u0131nda getirdi\u011fi kurus\u0131k\u0131 tabancay\u0131 \u00e7\u0131karan M.\u00d6., silah\u0131 k\u0131z karde\u015finin kafas\u0131na dayayarak \u015faka yapmak istedi. Ba\u015f\u0131na silah dayanan gen\u00e7 k\u0131z k\u0131sa s\u00fcreli \u015fa\u015fk\u0131nl\u0131k ya\u015farken, o anlar da g\u00fcvenlik kameras\u0131na anbean yans\u0131d\u0131. Olay\u0131n ard\u0131ndan bir s\u00fcre daha kafede oturan gen\u00e7ler daha sonra kafeden ayr\u0131l\u0131rken, ortaya \u00e7\u0131kan g\u00f6r\u00fcnt\u00fclerin ard\u0131ndan \u00e7ok say\u0131da vatanda\u015f duruma tepki g\u00f6sterdi. Harekete ge\u00e7en emniyet ekiplerince yap\u0131lan \u00e7al\u0131\u015fmalar sonras\u0131nda M.\u00d6. k\u0131sa s\u00fcrede yakalanarak gerekli i\u015flemlerinin ard\u0131ndan ifadesi al\u0131nmak \u00fczere adliyeye sevk edildi. M.\u00d6. ve k\u0131z karde\u015finin savc\u0131l\u0131k ifadesinde \u015fakala\u015ft\u0131klar\u0131n\u0131 s\u00f6yledikleri \u00f6\u011frenilirken, M.\u00d6. ifadesinin ard\u0131ndan g\u00f6zalt\u0131na al\u0131nd\u0131.<br \/><\/p>\n","protected":false},"excerpt":{"rendered":"<p>Ayd\u0131n\u2019\u0131n Efeler il\u00e7esindeki bir kafede oturan k\u0131z karde\u015finin kafas\u0131na kurus\u0131k\u0131 tabancay\u0131 dayayarak \u015faka yapan gen\u00e7, g\u00f6zalt\u0131na al\u0131nd\u0131. Olay, Efeler il\u00e7esi Girne Mahallesi 2198 Sokak \u00fczerinde bulunan bir kafede meydana geldi. Edinilen bilgiye g\u00f6re 20 ya\u015f\u0131ndaki M.\u00d6., bir arkada\u015f\u0131yla birlikte kafede oturan k\u0131z karde\u015finin yan\u0131na geldi. Bir anda yan\u0131nda getirdi\u011fi kurus\u0131k\u0131 tabancay\u0131 \u00e7\u0131karan M.\u00d6., silah\u0131 k\u0131z&#8230;<\/p>\n","protected":false},"author":1,"featured_media":70140,"comment_status":"open","ping_status":"open","sticky":false,"template":"","format":"standard","meta":{"_crdt_document":"","footnotes":""},"categories":[5],"tags":[],"class_list":["post-70139","post","type-post","status-publish","format-standard","has-post-thumbnail","hentry","category-asayis"],"_links":{"self":[{"href":"https:\/\/www.egemtv.com\/index.php?rest_route=\/wp\/v2\/posts\/70139","targetHints":{"allow":["GET"]}}],"collection":[{"href":"https:\/\/www.egemtv.com\/index.php?rest_route=\/wp\/v2\/posts"}],"about":[{"href":"https:\/\/www.egemtv.com\/index.php?rest_route=\/wp\/v2\/types\/post"}],"author":[{"embeddable":true,"href":"https:\/\/www.egemtv.com\/index.php?rest_route=\/wp\/v2\/users\/1"}],"replies":[{"embeddable":true,"href":"https:\/\/www.egemtv.com\/index.php?rest_route=%2Fwp%2Fv2%2Fcomments&post=70139"}],"version-history":[{"count":1,"href":"https:\/\/www.egemtv.com\/index.php?rest_route=\/wp\/v2\/posts\/70139\/revisions"}],"predecessor-version":[{"id":70141,"href":"https:\/\/www.egemtv.com\/index.php?rest_route=\/wp\/v2\/posts\/70139\/revisions\/70141"}],"wp:featuredmedia":[{"embeddable":true,"href":"https:\/\/www.egemtv.com\/index.php?rest_route=\/wp\/v2\/media\/70140"}],"wp:attachment":[{"href":"https:\/\/www.egemtv.com\/index.php?rest_route=%2Fwp%2Fv2%2Fmedia&parent=70139"}],"wp:term":[{"taxonomy":"category","embeddable":true,"href":"https:\/\/www.egemtv.com\/index.php?rest_route=%2Fwp%2Fv2%2Fcategories&post=70139"},{"taxonomy":"post_tag","embeddable":true,"href":"https:\/\/www.egemtv.com\/index.php?rest_route=%2Fwp%2Fv2%2Ftags&post=70139"}],"curies":[{"name":"wp","href":"https:\/\/api.w.org\/{rel}","templated":true}]}}