{"id":70133,"date":"2025-11-25T19:34:35","date_gmt":"2025-11-25T16:34:35","guid":{"rendered":"https:\/\/www.egemtv.com\/?p=70133"},"modified":"2025-11-25T19:34:35","modified_gmt":"2025-11-25T16:34:35","slug":"baskan-kaya-onaylamayacaginiz-yatirimi-genel-kurul-ve-komisyondan-niye-gecirdiniz","status":"publish","type":"post","link":"https:\/\/www.egemtv.com\/?p=70133","title":{"rendered":"Ba\u015fkan Kaya: &#8220;Onaylamayaca\u011f\u0131n\u0131z yat\u0131r\u0131m\u0131 genel kurul ve komisyondan niye ge\u00e7irdiniz&#8221;"},"content":{"rendered":"<p>\u0130ncirliova\u2019n\u0131n Sand\u0131kl\u0131 Mahallesi ba\u015fta olmak \u00fczere bir\u00e7ok noktas\u0131n\u0131 ilgilendiren altyap\u0131, kanalizasyon ve ya\u011fmur suyu hatlar\u0131na ili\u015fkin 1 Milyar 302 Milyon TL\u2019lik yat\u0131r\u0131m paketinin hayata ge\u00e7mesini Ayd\u0131n B\u00fcy\u00fck\u015fehir Belediye Meclisi\u2019nde CHP Grubu\u2019nun engelledi\u011fini ifade eden \u0130ncirliova Belediye Ba\u015fkan\u0131 Aytekin Kaya, &#8220;Onaylamayaca\u011f\u0131n\u0131z yat\u0131r\u0131m\u0131 genel kurul ve komisyondan niye ge\u00e7irdiniz&#8221; diyerek tepkisini ortaya koydu.<\/p>\n<p>Ba\u015fkan Kaya, ASK\u0130\u2019nin yapaca\u011f\u0131 yat\u0131r\u0131mlara CHP Grubu\u2019nun genel kurul ve ilgili komisyonda \u00f6nce  \u2018evet\u2019 demesine ra\u011fmen, Ayd\u0131n B\u00fcy\u00fck\u015fehir Belediyesi\u2019nin kullan\u0131lacak kredilere garant\u00f6r olmas\u0131na kar\u015f\u0131 \u00e7\u0131kmas\u0131n\u0131 \u00e7eli\u015fkili bir yakla\u015f\u0131m olarak de\u011ferlendirdi. Ba\u015fkan Kaya, bu tutumun &#8220;g\u00f6z boyamaya y\u00f6nelik bir tav\u0131r&#8221; oldu\u011funu belirtti.<br \/>\n<br \/>Ba\u015fkan Kaya yapt\u0131\u011f\u0131 a\u00e7\u0131klamada, al\u0131nm\u0131\u015f kararlar\u0131n gereksiz usul tart\u0131\u015fmalar\u0131yla engellendi\u011fini belirterek, &#8220;Siyaset, millete hizmet etmek i\u00e7in yap\u0131l\u0131r; hizmetin \u00f6n\u00fcne set \u00e7ekmek i\u00e7in de\u011fil. ASK\u0130 Genel Kurulu\u2019nda al\u0131nm\u0131\u015f ve ilgili komisyonda onaylanm\u0131\u015f olan bu yat\u0131r\u0131m karar\u0131, B\u00fcy\u00fck\u015fehir Belediye Meclisi\u2019nde CHP Grubu taraf\u0131ndan ba\u015flat\u0131lan gereksiz usul tart\u0131\u015fmalar\u0131na adeta kurban edilmi\u015ftir. ASK\u0130 taraf\u0131ndan yap\u0131lacak yat\u0131r\u0131mlar i\u00e7in \u0130ller Bankas\u0131\u2019ndan kredi kullan\u0131m\u0131na CHP Grubu\u2019nun ASK\u0130 Genel Kurulu\u2019nda ve komisyonda evet oyu verdikten sonra, kullan\u0131lacak krediye Ayd\u0131n B\u00fcy\u00fck\u015fehir Belediyemizin garant\u00f6r olmas\u0131na kar\u015f\u0131 \u00e7\u0131kmas\u0131 anla\u015f\u0131r bir tutum de\u011fildir&#8221; dedi.<br \/>\n<br \/>Ba\u015fkan Kaya a\u00e7\u0131klamas\u0131nda, CHP Grubunun ASK\u0130\u2019nin kredi kullan\u0131m\u0131na \u00f6nce \u2018evet\u2019 demesine ra\u011fmen, ayn\u0131 kredi i\u00e7in Ayd\u0131n B\u00fcy\u00fck\u015fehir Belediyesi\u2019nin garant\u00f6r olmas\u0131na kar\u015f\u0131 \u00e7\u0131kmas\u0131n\u0131 \u00e7eli\u015fkili bir yakla\u015f\u0131m olarak vurgulad\u0131. Ba\u015fkan Kaya, bu tutumun &#8220;g\u00f6z boyamaya y\u00f6nelik bir tav\u0131r&#8221; oldu\u011funu s\u00f6yleyerek, &#8220;CHP Grubu mecliste onaylamayaca\u011f\u0131 bir yat\u0131r\u0131m\u0131 ASK\u0130 Genel Kurulu\u2019ndan ve komisyondan ge\u00e7irerek g\u00f6z boyamaya \u00e7al\u0131\u015fm\u0131\u015f, a\u00e7\u0131k a\u00e7\u0131k hizmeti engellemeyi g\u00f6ze alamad\u0131\u011f\u0131 i\u00e7in vatanda\u015flar\u0131m\u0131z\u0131n g\u00f6z\u00fc \u00f6n\u00fcnde adeta bir tiyatro oyunu sergilemi\u015ftir&#8221; ifadelerine yer verdi.<br \/>\n<br \/>Komisyonlarda da mecliste de \u00e7o\u011funlu\u011fun CHP\u2019de oldu\u011funu hat\u0131rlatan Kaya, &#8220;Komisyonlarda ve mecliste \u00e7o\u011funluk CHP Grubundad\u0131r. Dolay\u0131s\u0131yla, hizmete y\u00f6nelik al\u0131namayan bu karar\u0131n da ba\u015f sorumlusu CHP Grubu\u2019dur&#8221; ifadelerini kulland\u0131.<br \/>\n<br \/>Ba\u015fkan Kaya, Sand\u0131kl\u0131 Mahallesi\u2019nin uzun \u00f6m\u00fcrl\u00fc ve modern altyap\u0131 beklentilerinin siyasi hesaplarla engellendi\u011fini ifade ederek, &#8220;Sand\u0131kl\u0131 Mahallemiz ba\u015fta olmak \u00fczere, Kurtulu\u015f Mahallemizin kanayan yaras\u0131 olan Yahya \u00dcmit Orbay Caddemizde, modern ve uzun \u00f6m\u00fcrl\u00fc bir altyap\u0131 bekleyen vatanda\u015flar\u0131m\u0131z\u0131n hakl\u0131 taleplerine kar\u015f\u0131 sergilenen bu umursamaz yakla\u015f\u0131m\u0131n vebali, hizmeti engelleyen CHP\u2019li meclis \u00fcyelerinin boynunad\u0131r. Ayd\u0131n B\u00fcy\u00fck\u015fehir Belediyemizle birlikte Sand\u0131kl\u0131 Mahallemize yap\u0131lacak bu hayati yat\u0131r\u0131m\u0131 siyasi hesaplarla engelleyen CHP Grubu, \u0130ncirliova halk\u0131na kabul edilemez b\u00fcy\u00fck bir haks\u0131zl\u0131k yapm\u0131\u015ft\u0131r.&#8221; dedi.<br \/>\n<br \/>Ba\u015fkan Kaya, CHP Grubu\u2019na hizmeti engelleme anlay\u0131\u015f\u0131ndan vazge\u00e7me \u00e7a\u011fr\u0131s\u0131 yaparak, \u0130ncirliova halk\u0131n\u0131n kendisine gelecek hizmeti engelleyenlere gereken cevab\u0131 verece\u011fini belirtti. Son olarak, hizmet \u00fcretme kararl\u0131l\u0131klar\u0131n\u0131 vurgulayan Ba\u015fkan Kaya, &#8220;Bizler hi\u00e7bir engellemeye boyun e\u011fmeden, Ayd\u0131n B\u00fcy\u00fck\u015fehir Belediyemiz ile birlikte \u0130ncirliovam\u0131z i\u00e7in gece g\u00fcnd\u00fcz \u00e7al\u0131\u015fmaya devam edece\u011fiz&#8221; ifadelerini kulland\u0131.<br \/><\/p>\n","protected":false},"excerpt":{"rendered":"<p>\u0130ncirliova\u2019n\u0131n Sand\u0131kl\u0131 Mahallesi ba\u015fta olmak \u00fczere bir\u00e7ok noktas\u0131n\u0131 ilgilendiren altyap\u0131, kanalizasyon ve ya\u011fmur suyu hatlar\u0131na ili\u015fkin 1 Milyar 302 Milyon TL\u2019lik yat\u0131r\u0131m paketinin hayata ge\u00e7mesini Ayd\u0131n B\u00fcy\u00fck\u015fehir Belediye Meclisi\u2019nde CHP Grubu\u2019nun engelledi\u011fini ifade eden \u0130ncirliova Belediye Ba\u015fkan\u0131 Aytekin Kaya, &#8220;Onaylamayaca\u011f\u0131n\u0131z yat\u0131r\u0131m\u0131 genel kurul ve komisyondan niye ge\u00e7irdiniz&#8221; diyerek tepkisini ortaya koydu. Ba\u015fkan Kaya, ASK\u0130\u2019nin yapaca\u011f\u0131&#8230;<\/p>\n","protected":false},"author":1,"featured_media":70134,"comment_status":"open","ping_status":"open","sticky":false,"template":"","format":"standard","meta":{"_crdt_document":"","footnotes":""},"categories":[127],"tags":[],"class_list":["post-70133","post","type-post","status-publish","format-standard","has-post-thumbnail","hentry","category-siyaset"],"_links":{"self":[{"href":"https:\/\/www.egemtv.com\/index.php?rest_route=\/wp\/v2\/posts\/70133","targetHints":{"allow":["GET"]}}],"collection":[{"href":"https:\/\/www.egemtv.com\/index.php?rest_route=\/wp\/v2\/posts"}],"about":[{"href":"https:\/\/www.egemtv.com\/index.php?rest_route=\/wp\/v2\/types\/post"}],"author":[{"embeddable":true,"href":"https:\/\/www.egemtv.com\/index.php?rest_route=\/wp\/v2\/users\/1"}],"replies":[{"embeddable":true,"href":"https:\/\/www.egemtv.com\/index.php?rest_route=%2Fwp%2Fv2%2Fcomments&post=70133"}],"version-history":[{"count":1,"href":"https:\/\/www.egemtv.com\/index.php?rest_route=\/wp\/v2\/posts\/70133\/revisions"}],"predecessor-version":[{"id":70135,"href":"https:\/\/www.egemtv.com\/index.php?rest_route=\/wp\/v2\/posts\/70133\/revisions\/70135"}],"wp:featuredmedia":[{"embeddable":true,"href":"https:\/\/www.egemtv.com\/index.php?rest_route=\/wp\/v2\/media\/70134"}],"wp:attachment":[{"href":"https:\/\/www.egemtv.com\/index.php?rest_route=%2Fwp%2Fv2%2Fmedia&parent=70133"}],"wp:term":[{"taxonomy":"category","embeddable":true,"href":"https:\/\/www.egemtv.com\/index.php?rest_route=%2Fwp%2Fv2%2Fcategories&post=70133"},{"taxonomy":"post_tag","embeddable":true,"href":"https:\/\/www.egemtv.com\/index.php?rest_route=%2Fwp%2Fv2%2Ftags&post=70133"}],"curies":[{"name":"wp","href":"https:\/\/api.w.org\/{rel}","templated":true}]}}