{"id":70130,"date":"2025-11-25T18:15:01","date_gmt":"2025-11-25T15:15:01","guid":{"rendered":"https:\/\/www.egemtv.com\/?p=70130"},"modified":"2025-11-25T18:15:02","modified_gmt":"2025-11-25T15:15:02","slug":"el-emegi-urunleriyle-kadina-siddete-dikkat-cektiler","status":"publish","type":"post","link":"https:\/\/www.egemtv.com\/?p=70130","title":{"rendered":"El eme\u011fi \u00fcr\u00fcnleriyle \u2019kad\u0131na \u015fiddete\u2019 dikkat \u00e7ektiler"},"content":{"rendered":"<p>Ayd\u0131n\u2019\u0131n Nazilli il\u00e7esinde il\u00e7e Kaymakaml\u0131\u011f\u0131 b\u00fcnyesindeki Nazilli Sosyal Yard\u0131mla\u015fma ve Dayan\u0131\u015fma Vakf\u0131(SODAM) taraf\u0131ndan faaliyete ge\u00e7irilen Aile Destek Merkezi (ADEM) ve Sosyal Dayan\u0131\u015fma Merkezi ve Giyim Kursu (SODAM) kursiyerleri sergi a\u00e7t\u0131.<\/p>\n<p>Nazilli Kaymakaml\u0131\u011f\u0131 Sosyal Yard\u0131mla\u015fma ve Dayan\u0131\u015fma Vakf\u0131 ev sahipli\u011finde Nazilli Sosyal Hizmet Merkezi, \u0130l\u00e7e Emniyet M\u00fcd\u00fcrl\u00fc\u011f\u00fc, \u0130l\u00e7e Jandarma Komutanl\u0131\u011f\u0131 ve Nazilli Halk E\u011fitim Merkezi i\u015fbirli\u011fi ile kurs alan ADEM ve SODAM kursiyerleri h\u00fcnerlerini sergiledi. 25 Kas\u0131m Kad\u0131na Y\u00f6nelik \u015eiddete Kar\u015f\u0131 Uluslararas\u0131 M\u00fccadele G\u00fcn\u00fc kapsam\u0131nda &#8220;Kad\u0131na \u015eiddete Hay\u0131r&#8221; ismi verilen sergi a\u00e7\u0131l\u0131\u015f\u0131na Nazilli Belediye Ba\u015fkan\u0131 Ertu\u011frul Tetik, Sosyal Yard\u0131mla\u015fma ve Dayan\u0131\u015fma Vakf\u0131 M\u00fcd\u00fcr\u00fc Ahmet \u00d6zcan \u00c7evik\u00e7elik, Sosyal Hizmet Merkezi M\u00fcd\u00fcr\u00fc Mahmut \u00c7etin, \u0130l\u00e7e Sa\u011fl\u0131k M\u00fcd\u00fcr\u00fc \u015eule Akba\u015f, muhtarlar, daire amirleri ve m\u00fcd\u00fcrleri, kursiyerler ve davetliler kat\u0131ld\u0131. Sergiyi gezen konuklar el eme\u011fi eserler ile ilgili kursiyerlerden bilgi ald\u0131.<\/p>\n<p>SODAM E\u011fiticisi Melike Y\u0131lmaz, ADEM Koordinat\u00f6r\u00fc Rabia Ergin, ADEM E\u011fiticisi Feray \u0130ktu, Halk E\u011fitim E\u011fitmenleri Ay\u015feg\u00fcl Ya\u011fl\u0131 ve Nural Gedik himayesinde \u00f6\u011frendikleri el eme\u011fi \u00fcr\u00fcnleri g\u00f6r\u00fcc\u00fcye \u00e7\u0131karan kursiyerler sat\u0131\u015flardan elde ettikleri gelirlerle ev b\u00fct\u00e7esine katk\u0131da bulundular.<\/p>\n<p>&#8220;Kad\u0131nlar ev ekonomisine katk\u0131da bulunuyor&#8221;<br \/>\n<br \/>Kursiyerler mutlu olduk\u00e7a kendilerinin mutlu oldu\u011funu ifade eden ADEM e\u011fiticisi Feray \u0130ktu; &#8220;Nazilli Kaymakaml\u0131\u011f\u0131 Sosyal Yard\u0131mla\u015fma ve Dayan\u0131\u015fma Vakf\u0131 taraf\u0131ndan yap\u0131lan kurslar\u0131m\u0131z haftada 5 g\u00fcn oluyor. Kurslar\u0131m\u0131zda mesleki ve ki\u015fisel geli\u015fim e\u011fitimler oluyor. Kad\u0131nlar\u0131m\u0131z\u0131n el eme\u011fiyle yapt\u0131\u011f\u0131 \u00fcr\u00fcnleri sergilerimizle g\u00f6r\u00fcc\u00fcye \u00e7\u0131kar\u0131yoruz. Sat\u0131p buradan elde ettikleri gelirlerle ev ekonomilerine de katk\u0131da bulunuyoruz. Bug\u00fcn Kad\u0131na \u015eiddetle M\u00fccadele G\u00fcn\u00fc. Biz kad\u0131n olarak ve kad\u0131nlarla \u00e7al\u0131\u015farak bug\u00fcne dahil olmak istedik. Kad\u0131na \u015fiddete tepki olarak turuncu renkle sergide yer ald\u0131k. Biz kad\u0131nlara 2023 y\u0131l\u0131ndan bu yana ADEM ve sodam olarak destek olmaya \u00e7al\u0131\u015f\u0131yoruz. Kursiyerlerimiz mutlu olduk\u00e7a bizde mutlu oluyoruz&#8221; ifadelerini kulland\u0131.<\/p>\n<p>&#8220;Kurslar bizlere \u00e7ok iyi geliyor&#8221;<br \/>\n<br \/>Kurslar\u0131n kendilerine \u00e7ok iyi geldi\u011fini ifade eden kursiyerlerden Ye\u015fim Demirkol ise &#8220;Bu kurslara ikinci kez kat\u0131l\u0131yorum. Bu kurslarda biz el eme\u011fi \u00fcr\u00fcnler \u00f6\u011frenip yapmaya \u00e7al\u0131\u015f\u0131yoruz. Her kurs d\u00f6neminde fakl\u0131 kurslar a\u00e7\u0131l\u0131yor. Nazilli Kaymakaml\u0131\u011f\u0131m\u0131za, kurs e\u011fitmenlerimize ve eme\u011fi ge\u00e7en herkese te\u015fekk\u00fcr ederiz. Hem sosyal alanda gelir kayna\u011f\u0131 oluyor, hem de psikolojik olarak da bize \u00e7ok iyi geliyor&#8221; dedi.<br \/><\/p>\n","protected":false},"excerpt":{"rendered":"<p>Ayd\u0131n\u2019\u0131n Nazilli il\u00e7esinde il\u00e7e Kaymakaml\u0131\u011f\u0131 b\u00fcnyesindeki Nazilli Sosyal Yard\u0131mla\u015fma ve Dayan\u0131\u015fma Vakf\u0131(SODAM) taraf\u0131ndan faaliyete ge\u00e7irilen Aile Destek Merkezi (ADEM) ve Sosyal Dayan\u0131\u015fma Merkezi ve Giyim Kursu (SODAM) kursiyerleri sergi a\u00e7t\u0131. Nazilli Kaymakaml\u0131\u011f\u0131 Sosyal Yard\u0131mla\u015fma ve Dayan\u0131\u015fma Vakf\u0131 ev sahipli\u011finde Nazilli Sosyal Hizmet Merkezi, \u0130l\u00e7e Emniyet M\u00fcd\u00fcrl\u00fc\u011f\u00fc, \u0130l\u00e7e Jandarma Komutanl\u0131\u011f\u0131 ve Nazilli Halk E\u011fitim Merkezi i\u015fbirli\u011fi&#8230;<\/p>\n","protected":false},"author":1,"featured_media":70131,"comment_status":"open","ping_status":"open","sticky":false,"template":"","format":"standard","meta":{"_crdt_document":"","footnotes":""},"categories":[1],"tags":[],"class_list":["post-70130","post","type-post","status-publish","format-standard","has-post-thumbnail","hentry","category-guncel"],"_links":{"self":[{"href":"https:\/\/www.egemtv.com\/index.php?rest_route=\/wp\/v2\/posts\/70130","targetHints":{"allow":["GET"]}}],"collection":[{"href":"https:\/\/www.egemtv.com\/index.php?rest_route=\/wp\/v2\/posts"}],"about":[{"href":"https:\/\/www.egemtv.com\/index.php?rest_route=\/wp\/v2\/types\/post"}],"author":[{"embeddable":true,"href":"https:\/\/www.egemtv.com\/index.php?rest_route=\/wp\/v2\/users\/1"}],"replies":[{"embeddable":true,"href":"https:\/\/www.egemtv.com\/index.php?rest_route=%2Fwp%2Fv2%2Fcomments&post=70130"}],"version-history":[{"count":1,"href":"https:\/\/www.egemtv.com\/index.php?rest_route=\/wp\/v2\/posts\/70130\/revisions"}],"predecessor-version":[{"id":70132,"href":"https:\/\/www.egemtv.com\/index.php?rest_route=\/wp\/v2\/posts\/70130\/revisions\/70132"}],"wp:featuredmedia":[{"embeddable":true,"href":"https:\/\/www.egemtv.com\/index.php?rest_route=\/wp\/v2\/media\/70131"}],"wp:attachment":[{"href":"https:\/\/www.egemtv.com\/index.php?rest_route=%2Fwp%2Fv2%2Fmedia&parent=70130"}],"wp:term":[{"taxonomy":"category","embeddable":true,"href":"https:\/\/www.egemtv.com\/index.php?rest_route=%2Fwp%2Fv2%2Fcategories&post=70130"},{"taxonomy":"post_tag","embeddable":true,"href":"https:\/\/www.egemtv.com\/index.php?rest_route=%2Fwp%2Fv2%2Ftags&post=70130"}],"curies":[{"name":"wp","href":"https:\/\/api.w.org\/{rel}","templated":true}]}}