{"id":70127,"date":"2025-11-25T18:15:00","date_gmt":"2025-11-25T15:15:00","guid":{"rendered":"https:\/\/www.egemtv.com\/?p=70127"},"modified":"2025-11-25T18:15:01","modified_gmt":"2025-11-25T15:15:01","slug":"sarigolde-hayvan-bakim-hizmetlerine-yakin-takip","status":"publish","type":"post","link":"https:\/\/www.egemtv.com\/?p=70127","title":{"rendered":"Sar\u0131g\u00f6l\u2019de hayvan bak\u0131m hizmetlerine yak\u0131n takip"},"content":{"rendered":"<p>Sar\u0131g\u00f6l Kaymakam\u0131 Halil Dalak, il\u00e7edeki sokak hayvanlar\u0131n\u0131n bar\u0131nma, beslenme ve tedavi imkanlar\u0131n\u0131 yerinde g\u00f6rmek amac\u0131yla Sar\u0131g\u00f6l Belediyesi taraf\u0131ndan yap\u0131lan Hayvan Bak\u0131m Evi ve Do\u011fal Ya\u015fam Alan\u0131\u2019nda incelemelerde bulundu.<br \/>\n<br \/>Sar\u0131g\u00f6l Kaymakam\u0131 Halil Dalak, il\u00e7ede faaliyet g\u00f6steren Hayvan Bak\u0131m Evi ve Do\u011fal Ya\u015fam Alan\u0131\u2019n\u0131 ziyaret ederek yetkililerden \u00e7al\u0131\u015fmalar hakk\u0131nda bilgi ald\u0131.<br \/>\n<br \/>Kaymakam Dalak\u2019a ziyaret s\u0131ras\u0131nda ilgili birim amirleri de e\u015flik etti. Tesiste bar\u0131nan sokak hayvanlar\u0131n\u0131n durumunu tek tek inceleyen Dalak, \u00f6zellikle bak\u0131m \u015fartlar\u0131, beslenme d\u00fczeni ve sa\u011fl\u0131k hizmetleri hakk\u0131nda detayl\u0131 bilgi ald\u0131. Yetkililer, alanda y\u00fcr\u00fct\u00fclen tedavi, rehabilitasyon ve sahiplendirme \u00e7al\u0131\u015fmalar\u0131 hakk\u0131nda kapsaml\u0131 bir sunum yapt\u0131.<br \/>\n<br \/>Kaymakam Halil Dalak, sokak hayvanlar\u0131na y\u00f6nelik hizmetlerin \u00f6nemine dikkat \u00e7ekerek, bak\u0131m evindeki \u00e7al\u0131\u015fmalar\u0131n yak\u0131ndan takip edildi\u011fini s\u00f6yledi. Dalak, &#8220;Sokak hayvanlar\u0131m\u0131z\u0131n g\u00fcvenli ve sa\u011fl\u0131kl\u0131 \u015fartlarda ya\u015famas\u0131 i\u00e7in y\u00fcr\u00fct\u00fclen t\u00fcm faaliyetler bizim i\u00e7in b\u00fcy\u00fck \u00f6nem ta\u015f\u0131yor. Bu hizmetlerin daha da geli\u015ftirilmesi i\u00e7in \u00e7al\u0131\u015fmalar\u0131m\u0131z s\u00fcrecek.&#8221; dedi.<br \/><\/p>\n","protected":false},"excerpt":{"rendered":"<p>Sar\u0131g\u00f6l Kaymakam\u0131 Halil Dalak, il\u00e7edeki sokak hayvanlar\u0131n\u0131n bar\u0131nma, beslenme ve tedavi imkanlar\u0131n\u0131 yerinde g\u00f6rmek amac\u0131yla Sar\u0131g\u00f6l Belediyesi taraf\u0131ndan yap\u0131lan Hayvan Bak\u0131m Evi ve Do\u011fal Ya\u015fam Alan\u0131\u2019nda incelemelerde bulundu. Sar\u0131g\u00f6l Kaymakam\u0131 Halil Dalak, il\u00e7ede faaliyet g\u00f6steren Hayvan Bak\u0131m Evi ve Do\u011fal Ya\u015fam Alan\u0131\u2019n\u0131 ziyaret ederek yetkililerden \u00e7al\u0131\u015fmalar hakk\u0131nda bilgi ald\u0131. Kaymakam Dalak\u2019a ziyaret s\u0131ras\u0131nda ilgili birim&#8230;<\/p>\n","protected":false},"author":1,"featured_media":70128,"comment_status":"open","ping_status":"open","sticky":false,"template":"","format":"standard","meta":{"_crdt_document":"","footnotes":""},"categories":[1],"tags":[],"class_list":["post-70127","post","type-post","status-publish","format-standard","has-post-thumbnail","hentry","category-guncel"],"_links":{"self":[{"href":"https:\/\/www.egemtv.com\/index.php?rest_route=\/wp\/v2\/posts\/70127","targetHints":{"allow":["GET"]}}],"collection":[{"href":"https:\/\/www.egemtv.com\/index.php?rest_route=\/wp\/v2\/posts"}],"about":[{"href":"https:\/\/www.egemtv.com\/index.php?rest_route=\/wp\/v2\/types\/post"}],"author":[{"embeddable":true,"href":"https:\/\/www.egemtv.com\/index.php?rest_route=\/wp\/v2\/users\/1"}],"replies":[{"embeddable":true,"href":"https:\/\/www.egemtv.com\/index.php?rest_route=%2Fwp%2Fv2%2Fcomments&post=70127"}],"version-history":[{"count":1,"href":"https:\/\/www.egemtv.com\/index.php?rest_route=\/wp\/v2\/posts\/70127\/revisions"}],"predecessor-version":[{"id":70129,"href":"https:\/\/www.egemtv.com\/index.php?rest_route=\/wp\/v2\/posts\/70127\/revisions\/70129"}],"wp:featuredmedia":[{"embeddable":true,"href":"https:\/\/www.egemtv.com\/index.php?rest_route=\/wp\/v2\/media\/70128"}],"wp:attachment":[{"href":"https:\/\/www.egemtv.com\/index.php?rest_route=%2Fwp%2Fv2%2Fmedia&parent=70127"}],"wp:term":[{"taxonomy":"category","embeddable":true,"href":"https:\/\/www.egemtv.com\/index.php?rest_route=%2Fwp%2Fv2%2Fcategories&post=70127"},{"taxonomy":"post_tag","embeddable":true,"href":"https:\/\/www.egemtv.com\/index.php?rest_route=%2Fwp%2Fv2%2Ftags&post=70127"}],"curies":[{"name":"wp","href":"https:\/\/api.w.org\/{rel}","templated":true}]}}