{"id":70124,"date":"2025-11-25T17:55:28","date_gmt":"2025-11-25T14:55:28","guid":{"rendered":"https:\/\/www.egemtv.com\/?p=70124"},"modified":"2025-11-25T17:55:29","modified_gmt":"2025-11-25T14:55:29","slug":"freni-tutmayan-otomobil-park-halindeki-araclara-carpti-1-yarali","status":"publish","type":"post","link":"https:\/\/www.egemtv.com\/?p=70124","title":{"rendered":"Freni tutmayan otomobil park halindeki ara\u00e7lara \u00e7arpt\u0131: 1 yaral\u0131"},"content":{"rendered":"<p>Ayd\u0131n\u2019\u0131n Efeler il\u00e7esinde yoku\u015f a\u015fa\u011f\u0131 indi\u011fi esnada freni tutmad\u0131\u011f\u0131 iddia edilen Fiat marka otomobil, park halindeki 3 araca \u00e7arpt\u0131. Kazada 1 ki\u015fi yaraland\u0131.<br \/>\n<br \/>Kaza, K\u00f6pr\u00fcl\u00fc Veysipa\u015fa Mahallesi Mesudiye Caddesi \u00fczerinde meydana geldi. Edinilen bilgiye g\u00f6re, 1636. Sokak \u00fczerinden Mesudiye Caddesi y\u00f6n\u00fcne seyir halinde olan \u015e.Y. idaresindeki 20 L 4985 plakal\u0131 Fiat marka otomobil, iddiaya g\u00f6re freni tutmayardak yoku\u015f a\u015fa\u011f\u0131ya h\u0131zland\u0131. Otomobil, park halindeki 09 AEA 434 plakal\u0131 otomobile \u00e7apt\u0131. \u00c7arpman\u0131n etkisiyle ileriye s\u00fcr\u00fcklenen otomobil de 09 ARY 002 plakal\u0131 otomobile \u00e7arpt\u0131. Yan tarafta bulunan 09 BC 625 plakal\u0131 otomobile de \u00e7arpan otomobilin s\u00fcr\u00fcc\u00fcs\u00fc \u015e.Y. kazada ba\u015f\u0131ndan yaraland\u0131. Kazay\u0131 g\u00f6ren vatanda\u015flar, durumu 112 Acil \u00c7a\u011fr\u0131 Merkezi\u2019ne bildirdi. \u0130hbar \u00fczerine b\u00f6lgeye polis ve sa\u011fl\u0131k ekipleri sevk edildi. K\u0131sa s\u00fcrede b\u00f6lgeye gelen sa\u011fl\u0131k ekipleri, \u015e.Y.\u2019yi ilk m\u00fcdahalenin ard\u0131ndan ambulansla Ayd\u0131n Devlet Hastanesi\u2019ne kald\u0131rd\u0131. Maddi zarar\u0131n olu\u015ftu\u011fu ara\u00e7lar \u00e7ekici marifetiyle yoldan kald\u0131r\u0131l\u0131rken, kaza ile ilgili inceleme ba\u015flat\u0131ld\u0131.<\/p>\n<p>&#8220;Frenim tutmad\u0131&#8221;<br \/>\n<br \/>Kaza sonras\u0131nda 20 L 4985 plakal\u0131 arac\u0131n hava yast\u0131klar\u0131 a\u00e7\u0131l\u0131rken, \u00e7evredeki vatanda\u015flar\u0131n yard\u0131m\u0131yla ara\u00e7tan \u00e7\u0131kar\u0131lan s\u00fcr\u00fcc\u00fc \u015e.Y.\u2019in arac\u0131n\u0131n freninin tutmad\u0131\u011f\u0131n\u0131 ve ara\u00e7lara \u00e7arpt\u0131\u011f\u0131n\u0131 s\u00f6yledi\u011fi \u00f6\u011frenildi.<br \/><\/p>\n","protected":false},"excerpt":{"rendered":"<p>Ayd\u0131n\u2019\u0131n Efeler il\u00e7esinde yoku\u015f a\u015fa\u011f\u0131 indi\u011fi esnada freni tutmad\u0131\u011f\u0131 iddia edilen Fiat marka otomobil, park halindeki 3 araca \u00e7arpt\u0131. Kazada 1 ki\u015fi yaraland\u0131. Kaza, K\u00f6pr\u00fcl\u00fc Veysipa\u015fa Mahallesi Mesudiye Caddesi \u00fczerinde meydana geldi. Edinilen bilgiye g\u00f6re, 1636. Sokak \u00fczerinden Mesudiye Caddesi y\u00f6n\u00fcne seyir halinde olan \u015e.Y. idaresindeki 20 L 4985 plakal\u0131 Fiat marka otomobil, iddiaya g\u00f6re&#8230;<\/p>\n","protected":false},"author":1,"featured_media":70125,"comment_status":"open","ping_status":"open","sticky":false,"template":"","format":"standard","meta":{"_crdt_document":"","footnotes":""},"categories":[5],"tags":[],"class_list":["post-70124","post","type-post","status-publish","format-standard","has-post-thumbnail","hentry","category-asayis"],"_links":{"self":[{"href":"https:\/\/www.egemtv.com\/index.php?rest_route=\/wp\/v2\/posts\/70124","targetHints":{"allow":["GET"]}}],"collection":[{"href":"https:\/\/www.egemtv.com\/index.php?rest_route=\/wp\/v2\/posts"}],"about":[{"href":"https:\/\/www.egemtv.com\/index.php?rest_route=\/wp\/v2\/types\/post"}],"author":[{"embeddable":true,"href":"https:\/\/www.egemtv.com\/index.php?rest_route=\/wp\/v2\/users\/1"}],"replies":[{"embeddable":true,"href":"https:\/\/www.egemtv.com\/index.php?rest_route=%2Fwp%2Fv2%2Fcomments&post=70124"}],"version-history":[{"count":1,"href":"https:\/\/www.egemtv.com\/index.php?rest_route=\/wp\/v2\/posts\/70124\/revisions"}],"predecessor-version":[{"id":70126,"href":"https:\/\/www.egemtv.com\/index.php?rest_route=\/wp\/v2\/posts\/70124\/revisions\/70126"}],"wp:featuredmedia":[{"embeddable":true,"href":"https:\/\/www.egemtv.com\/index.php?rest_route=\/wp\/v2\/media\/70125"}],"wp:attachment":[{"href":"https:\/\/www.egemtv.com\/index.php?rest_route=%2Fwp%2Fv2%2Fmedia&parent=70124"}],"wp:term":[{"taxonomy":"category","embeddable":true,"href":"https:\/\/www.egemtv.com\/index.php?rest_route=%2Fwp%2Fv2%2Fcategories&post=70124"},{"taxonomy":"post_tag","embeddable":true,"href":"https:\/\/www.egemtv.com\/index.php?rest_route=%2Fwp%2Fv2%2Ftags&post=70124"}],"curies":[{"name":"wp","href":"https:\/\/api.w.org\/{rel}","templated":true}]}}