{"id":70121,"date":"2025-11-25T17:55:27","date_gmt":"2025-11-25T14:55:27","guid":{"rendered":"https:\/\/www.egemtv.com\/?p=70121"},"modified":"2025-11-25T17:55:28","modified_gmt":"2025-11-25T14:55:28","slug":"sokede-kadina-siddete-karsi-farkindalik-yuruyusu-duzenlendi","status":"publish","type":"post","link":"https:\/\/www.egemtv.com\/?p=70121","title":{"rendered":"S\u00f6ke\u2019de Kad\u0131na \u015eiddete Kar\u015f\u0131 Fark\u0131ndal\u0131k Y\u00fcr\u00fcy\u00fc\u015f\u00fc d\u00fczenlendi"},"content":{"rendered":"<p>S\u00f6ke\u2019de, 25 Kas\u0131m Kad\u0131na Y\u00f6nelik \u015eiddete Kar\u015f\u0131 Uluslararas\u0131 M\u00fccadele G\u00fcn\u00fc kapsam\u0131nda bas\u0131n a\u00e7\u0131klamas\u0131 ve fark\u0131ndal\u0131k y\u00fcr\u00fcy\u00fc\u015f\u00fc ger\u00e7ekle\u015ftirildi. S\u00f6ke Emek Sanat K\u00fclt\u00fcr Platformu bile\u015feni sivil toplum \u00f6rg\u00fctleri ile siyasi partilerin kat\u0131l\u0131m\u0131yla d\u00fczenlenen etkinlik, Cumhuriyet Meydan\u0131\u2019nda yap\u0131ld\u0131.<\/p>\n<p>Etkinlikte yap\u0131lan a\u00e7\u0131klamada, kad\u0131nlar\u0131n \u015fiddetsiz, e\u015fit ve \u00f6zg\u00fcr bir ya\u015fam i\u00e7in m\u00fccadele kararl\u0131l\u0131\u011f\u0131n\u0131 vurgulayan g\u00fc\u00e7l\u00fc mesajlar \u00f6ne \u00e7\u0131kt\u0131. A\u00e7\u0131klamada, &#8220;\u015eiddetin, e\u015fitsizli\u011fin ve bask\u0131n\u0131n iktidar\u0131na hi\u00e7bir zaman boyun e\u011fmeyece\u011fiz. Ya\u015fas\u0131n kad\u0131n dayan\u0131\u015fmas\u0131&#8221; ifadeleri dikkat \u00e7ekti. Etkinlikte bir araya gelen kad\u0131nlar, \u015fiddetin son bulmas\u0131 i\u00e7in ortak ses y\u00fckselterek g\u00fc\u00e7l\u00fc bir \u00e7a\u011fr\u0131da bulundu. Bas\u0131n a\u00e7\u0131klamas\u0131n\u0131n ard\u0131ndan Cumhuriyet Meydan\u0131\u2019ndan ba\u015flayan y\u00fcr\u00fcy\u00fc\u015f; \u0130stasyon, Kubilay ve Ayd\u0131n Caddesi g\u00fczerg\u00e2h\u0131nda devam etti.<\/p>\n<p>Y\u00fcr\u00fcy\u00fc\u015f boyunca kad\u0131n haklar\u0131na dikkat \u00e7eken sloganlar at\u0131l\u0131rken, g\u00fczergah \u00fczerinde bulunan kad\u0131nlar\u0131n yan\u0131 s\u0131ra erkeklerin de alk\u0131\u015flarla destek verdi\u011fi g\u00f6r\u00fcld\u00fc.<br \/><\/p>\n","protected":false},"excerpt":{"rendered":"<p>S\u00f6ke\u2019de, 25 Kas\u0131m Kad\u0131na Y\u00f6nelik \u015eiddete Kar\u015f\u0131 Uluslararas\u0131 M\u00fccadele G\u00fcn\u00fc kapsam\u0131nda bas\u0131n a\u00e7\u0131klamas\u0131 ve fark\u0131ndal\u0131k y\u00fcr\u00fcy\u00fc\u015f\u00fc ger\u00e7ekle\u015ftirildi. S\u00f6ke Emek Sanat K\u00fclt\u00fcr Platformu bile\u015feni sivil toplum \u00f6rg\u00fctleri ile siyasi partilerin kat\u0131l\u0131m\u0131yla d\u00fczenlenen etkinlik, Cumhuriyet Meydan\u0131\u2019nda yap\u0131ld\u0131. Etkinlikte yap\u0131lan a\u00e7\u0131klamada, kad\u0131nlar\u0131n \u015fiddetsiz, e\u015fit ve \u00f6zg\u00fcr bir ya\u015fam i\u00e7in m\u00fccadele kararl\u0131l\u0131\u011f\u0131n\u0131 vurgulayan g\u00fc\u00e7l\u00fc mesajlar \u00f6ne \u00e7\u0131kt\u0131. A\u00e7\u0131klamada, &#8220;\u015eiddetin,&#8230;<\/p>\n","protected":false},"author":1,"featured_media":70122,"comment_status":"open","ping_status":"open","sticky":false,"template":"","format":"standard","meta":{"_crdt_document":"","footnotes":""},"categories":[127],"tags":[],"class_list":["post-70121","post","type-post","status-publish","format-standard","has-post-thumbnail","hentry","category-siyaset"],"_links":{"self":[{"href":"https:\/\/www.egemtv.com\/index.php?rest_route=\/wp\/v2\/posts\/70121","targetHints":{"allow":["GET"]}}],"collection":[{"href":"https:\/\/www.egemtv.com\/index.php?rest_route=\/wp\/v2\/posts"}],"about":[{"href":"https:\/\/www.egemtv.com\/index.php?rest_route=\/wp\/v2\/types\/post"}],"author":[{"embeddable":true,"href":"https:\/\/www.egemtv.com\/index.php?rest_route=\/wp\/v2\/users\/1"}],"replies":[{"embeddable":true,"href":"https:\/\/www.egemtv.com\/index.php?rest_route=%2Fwp%2Fv2%2Fcomments&post=70121"}],"version-history":[{"count":1,"href":"https:\/\/www.egemtv.com\/index.php?rest_route=\/wp\/v2\/posts\/70121\/revisions"}],"predecessor-version":[{"id":70123,"href":"https:\/\/www.egemtv.com\/index.php?rest_route=\/wp\/v2\/posts\/70121\/revisions\/70123"}],"wp:featuredmedia":[{"embeddable":true,"href":"https:\/\/www.egemtv.com\/index.php?rest_route=\/wp\/v2\/media\/70122"}],"wp:attachment":[{"href":"https:\/\/www.egemtv.com\/index.php?rest_route=%2Fwp%2Fv2%2Fmedia&parent=70121"}],"wp:term":[{"taxonomy":"category","embeddable":true,"href":"https:\/\/www.egemtv.com\/index.php?rest_route=%2Fwp%2Fv2%2Fcategories&post=70121"},{"taxonomy":"post_tag","embeddable":true,"href":"https:\/\/www.egemtv.com\/index.php?rest_route=%2Fwp%2Fv2%2Ftags&post=70121"}],"curies":[{"name":"wp","href":"https:\/\/api.w.org\/{rel}","templated":true}]}}