{"id":70118,"date":"2025-11-25T17:34:54","date_gmt":"2025-11-25T14:34:54","guid":{"rendered":"https:\/\/www.egemtv.com\/?p=70118"},"modified":"2025-11-25T17:34:55","modified_gmt":"2025-11-25T14:34:55","slug":"gencler-dijital-okuryazarlik-ve-dezenformasyonla-mucadele-konularinda-bilincleniyor","status":"publish","type":"post","link":"https:\/\/www.egemtv.com\/?p=70118","title":{"rendered":"Gen\u00e7ler, \u2019Dijital Okuryazarl\u0131k ve Dezenformasyonla M\u00fccadele\u2019 konular\u0131nda bilin\u00e7leniyor"},"content":{"rendered":"<p>Cumhurba\u015fkanl\u0131\u011f\u0131 \u0130leti\u015fim Ba\u015fkanl\u0131\u011f\u0131 Afyonkarahisar B\u00f6lge M\u00fcd\u00fcrl\u00fc\u011f\u00fc ile K\u00fctahya \u0130l Mill\u00ee E\u011fitim M\u00fcd\u00fcrl\u00fc\u011f\u00fc i\u015f birli\u011finde, dijital medya okuryazarl\u0131\u011f\u0131 konusunda fark\u0131ndal\u0131k olu\u015fturmak amac\u0131yla e\u011fitim program\u0131 d\u00fczenlendi.<br \/>\n<br \/>K\u00fctahya \u0130l Mill\u00ee E\u011fitim M\u00fcd\u00fcrl\u00fc\u011f\u00fc taraf\u0131ndan belirlenen iki lisede ger\u00e7ekle\u015ftirilen etkinliklerde \u00f6\u011frencilere, &#8220;Dezenformasyonla M\u00fccadele Baglam\u0131nda Dijital Medya Okuryazarl\u0131\u011f\u0131&#8221; ba\u015fl\u0131kl\u0131 sunum yap\u0131ld\u0131. Cumhurba\u015fkanl\u0131\u011f\u0131 \u0130leti\u015fim Ba\u015fkanl\u0131\u011f\u0131 Afyonkarahisar B\u00f6lge M\u00fcd\u00fcr\u00fc U\u011fur \u00dclgen taraf\u0131ndan verilen sunumda; dijital ortamlarda s\u0131k kar\u015f\u0131la\u015f\u0131lan bilgi kirlili\u011fi, dezenformasyonun yay\u0131lma y\u00f6ntemleri, bireysel ve toplumsal etkileri ile do\u011fru bilgiye ula\u015fma yollar\u0131 detayl\u0131 \u015fekilde ele al\u0131nd\u0131. \u00dclgen, gen\u00e7lerin dijital i\u00e7erikleri t\u00fcketirken ele\u015ftirel d\u00fc\u015f\u00fcnme becerilerini geli\u015ftirmelerinin \u00f6nemine dikkat \u00e7ekti.<br \/>\n<br \/>Etkinlik kapsam\u0131nda, Cumhurba\u015fkanl\u0131\u011f\u0131 \u0130leti\u015fim Ba\u015fkanl\u0131\u011f\u0131 b\u00fcnyesinde faaliyet g\u00f6steren Dezenformasyonla M\u00fccadele Merkezi (DMM) taraf\u0131ndan haz\u0131rlanan bilgilendirici bro\u015f\u00fcrler \u00f6\u011frencilere da\u011f\u0131t\u0131ld\u0131.<br \/>\n<br \/>Bro\u015f\u00fcrlerde, yan\u0131lt\u0131c\u0131 i\u00e7eriklerle ba\u015fa \u00e7\u0131kma y\u00f6ntemleri ve dijital ortamda do\u011fru bilgiye eri\u015fim stratejileri yer ald\u0131.<br \/>\n<br \/>E\u011fitim program\u0131, gen\u00e7lerin dijital d\u00fcnyada daha bilin\u00e7li hareket etmelerini, bilgi kirlili\u011fine kar\u015f\u0131 diren\u00e7 kazanmalar\u0131n\u0131 ve do\u011fru bilgiye ula\u015fma yetkinliklerini g\u00fc\u00e7lendirmeyi ama\u00e7layan \u00f6nemli bir ad\u0131m olarak de\u011ferlendiriliyor. Program\u0131n \u00f6n\u00fcm\u00fczdeki d\u00f6nemde farkl\u0131 okullarda da devam ettirilmesi planlan\u0131yor.<br \/><\/p>\n","protected":false},"excerpt":{"rendered":"<p>Cumhurba\u015fkanl\u0131\u011f\u0131 \u0130leti\u015fim Ba\u015fkanl\u0131\u011f\u0131 Afyonkarahisar B\u00f6lge M\u00fcd\u00fcrl\u00fc\u011f\u00fc ile K\u00fctahya \u0130l Mill\u00ee E\u011fitim M\u00fcd\u00fcrl\u00fc\u011f\u00fc i\u015f birli\u011finde, dijital medya okuryazarl\u0131\u011f\u0131 konusunda fark\u0131ndal\u0131k olu\u015fturmak amac\u0131yla e\u011fitim program\u0131 d\u00fczenlendi. K\u00fctahya \u0130l Mill\u00ee E\u011fitim M\u00fcd\u00fcrl\u00fc\u011f\u00fc taraf\u0131ndan belirlenen iki lisede ger\u00e7ekle\u015ftirilen etkinliklerde \u00f6\u011frencilere, &#8220;Dezenformasyonla M\u00fccadele Baglam\u0131nda Dijital Medya Okuryazarl\u0131\u011f\u0131&#8221; ba\u015fl\u0131kl\u0131 sunum yap\u0131ld\u0131. Cumhurba\u015fkanl\u0131\u011f\u0131 \u0130leti\u015fim Ba\u015fkanl\u0131\u011f\u0131 Afyonkarahisar B\u00f6lge M\u00fcd\u00fcr\u00fc U\u011fur \u00dclgen taraf\u0131ndan verilen&#8230;<\/p>\n","protected":false},"author":1,"featured_media":70119,"comment_status":"open","ping_status":"open","sticky":false,"template":"","format":"standard","meta":{"_crdt_document":"","footnotes":""},"categories":[1],"tags":[],"class_list":["post-70118","post","type-post","status-publish","format-standard","has-post-thumbnail","hentry","category-guncel"],"_links":{"self":[{"href":"https:\/\/www.egemtv.com\/index.php?rest_route=\/wp\/v2\/posts\/70118","targetHints":{"allow":["GET"]}}],"collection":[{"href":"https:\/\/www.egemtv.com\/index.php?rest_route=\/wp\/v2\/posts"}],"about":[{"href":"https:\/\/www.egemtv.com\/index.php?rest_route=\/wp\/v2\/types\/post"}],"author":[{"embeddable":true,"href":"https:\/\/www.egemtv.com\/index.php?rest_route=\/wp\/v2\/users\/1"}],"replies":[{"embeddable":true,"href":"https:\/\/www.egemtv.com\/index.php?rest_route=%2Fwp%2Fv2%2Fcomments&post=70118"}],"version-history":[{"count":1,"href":"https:\/\/www.egemtv.com\/index.php?rest_route=\/wp\/v2\/posts\/70118\/revisions"}],"predecessor-version":[{"id":70120,"href":"https:\/\/www.egemtv.com\/index.php?rest_route=\/wp\/v2\/posts\/70118\/revisions\/70120"}],"wp:featuredmedia":[{"embeddable":true,"href":"https:\/\/www.egemtv.com\/index.php?rest_route=\/wp\/v2\/media\/70119"}],"wp:attachment":[{"href":"https:\/\/www.egemtv.com\/index.php?rest_route=%2Fwp%2Fv2%2Fmedia&parent=70118"}],"wp:term":[{"taxonomy":"category","embeddable":true,"href":"https:\/\/www.egemtv.com\/index.php?rest_route=%2Fwp%2Fv2%2Fcategories&post=70118"},{"taxonomy":"post_tag","embeddable":true,"href":"https:\/\/www.egemtv.com\/index.php?rest_route=%2Fwp%2Fv2%2Ftags&post=70118"}],"curies":[{"name":"wp","href":"https:\/\/api.w.org\/{rel}","templated":true}]}}